{"id":69196,"date":"2023-12-17T20:27:52","date_gmt":"2023-12-17T19:27:52","guid":{"rendered":"https:\/\/jugulajm.net\/?p=69196"},"modified":"2023-12-17T20:34:30","modified_gmt":"2023-12-17T19:34:30","slug":"emri-foto-qellohet-me-thike-ne-burgun-grek-51-vjecari-nga-tepelena","status":"publish","type":"post","link":"https:\/\/jugulajm.net\/?p=69196","title":{"rendered":"EMRI-FOTO\/ Q\u00ebllohet me thik\u00eb n\u00eb burgun grek 51-vje\u00e7ari nga Tepelena, ja kush e goditi&#8230;"},"content":{"rendered":"<p>Nj\u00eb ngjarje e r\u00ebnd\u00eb ka ndodhur dy dit\u00eb m\u00eb par\u00eb n\u00eb burgun grek t\u00eb Kordhialos. Mediat greke raportojn\u00eb se \u00ebsht\u00eb plagosur me thik\u00eb Andrea Kalemi, 51-vje\u00e7ar, shqiptar me origjin\u00eb nga Tepelena.<\/p>\n<p>Dyshohet se atentati ndaj tij t\u00eb jet\u00eb i porositur. Autori i dyshuar i plagosjes \u00ebsht\u00eb nj\u00eb 28-vje\u00e7ar me origjin\u00eb egjiptiane.<\/p>\n<p>N\u00eb momentin e arrestimit autorit t\u00eb dyshuar ju gjet nj\u00eb thik\u00eb dhe nj\u00eb celular i thyer.<\/p>\n<p>Ngjarja m\u00ebsohet t\u00eb ket\u00eb ndodhur midis datave 14 dhe 15 dhjetor, kur Kalemi \u00ebsht\u00eb goditur me thik\u00eb nga nj\u00eb i burgosur 28 vje\u00e7ar egjiptian, i cili dyshohet se \u00ebsht\u00eb paguar p\u00ebr k\u00ebt\u00eb. Kalemi ka marr\u00eb plag\u00eb n\u00eb kraharor, qaf\u00eb e krah dhe u transportua n\u00eb spitalin e burgut ku mori ndihm\u00ebn e par\u00eb.<\/p>\n<p>Sapo kan\u00eb par\u00eb sken\u00ebn, t\u00eb burgosur t\u00eb tjer\u00eb kan\u00eb goditur 28 vje\u00e7arin, i cili ka marr\u00eb plag\u00eb n\u00eb kok\u00eb dhe trup.<\/p>\n<p>K\u00ebtij t\u00eb fundit, gardian\u00ebt i kan\u00eb sekuestruar nj\u00eb thik\u00eb dhe nj\u00eb celular t\u00eb thyer. Ashtu si Kalemi, edhe autori \u00ebsht\u00eb transportuar n\u00eb klinik\u00ebn e burgut p\u00ebr t\u00eb marr\u00eb ndihm\u00ebn e par\u00eb.<\/p>\n<p>M\u00ebsohet se ngjarja \u00ebsht\u00eb sh\u00ebnuar vet\u00ebm pak dit\u00eb para se Kalemi t\u00eb lirohej nga burgu dhe nuk dihet n\u00ebse autori ka pritur pik\u00ebrisht k\u00ebt\u00eb \u00e7ast.<\/p>\n<p>M\u00ebsohet se autori egjiptian ishte transferuar nga burgu i Domokos n\u00eb burgun e Koridhalos, nd\u00ebrsa n\u00eb telefonin e tij ai kishte foton e Andrea Kalemit, p\u00ebr t\u00eb cilin dyshohet se ishte paguar ta vriste.<\/p>\n","protected":false},"excerpt":{"rendered":"<p>Nj\u00eb ngjarje e r\u00ebnd\u00eb ka ndodhur dy dit\u00eb m\u00eb par\u00eb n\u00eb burgun grek t\u00eb Kordhialos. Mediat greke raportojn\u00eb se \u00ebsht\u00eb plagosur me thik\u00eb Andrea Kalemi, 51-vje\u00e7ar, shqiptar me origjin\u00eb nga Tepelena. Dyshohet se atentati ndaj tij t\u00eb jet\u00eb i porositur. Autori i dyshuar i plagosjes \u00ebsht\u00eb nj\u00eb 28-vje\u00e7ar me origjin\u00eb egjiptiane. N\u00eb momentin e arrestimit [&hellip;]<\/p>\n","protected":false},"author":5,"featured_media":69197,"comment_status":"closed","ping_status":"closed","sticky":false,"template":"","format":"standard","meta":{"footnotes":""},"categories":[1,6332],"tags":[28319],"class_list":{"0":"post-69196","1":"post","2":"type-post","3":"status-publish","4":"format-standard","5":"has-post-thumbnail","7":"category-aktualitet","8":"category-te-fundit","9":"tag-emri-foto-qellohet-me-thike-ne-burgun-grek-51-vjecari-nga-tepelena"},"_links":{"self":[{"href":"https:\/\/jugulajm.net\/index.php?rest_route=\/wp\/v2\/posts\/69196","targetHints":{"allow":["GET"]}}],"collection":[{"href":"https:\/\/jugulajm.net\/index.php?rest_route=\/wp\/v2\/posts"}],"about":[{"href":"https:\/\/jugulajm.net\/index.php?rest_route=\/wp\/v2\/types\/post"}],"author":[{"embeddable":true,"href":"https:\/\/jugulajm.net\/index.php?rest_route=\/wp\/v2\/users\/5"}],"replies":[{"embeddable":true,"href":"https:\/\/jugulajm.net\/index.php?rest_route=%2Fwp%2Fv2%2Fcomments&post=69196"}],"version-history":[{"count":0,"href":"https:\/\/jugulajm.net\/index.php?rest_route=\/wp\/v2\/posts\/69196\/revisions"}],"wp:featuredmedia":[{"embeddable":true,"href":"https:\/\/jugulajm.net\/index.php?rest_route=\/wp\/v2\/media\/69197"}],"wp:attachment":[{"href":"https:\/\/jugulajm.net\/index.php?rest_route=%2Fwp%2Fv2%2Fmedia&parent=69196"}],"wp:term":[{"taxonomy":"category","embeddable":true,"href":"https:\/\/jugulajm.net\/index.php?rest_route=%2Fwp%2Fv2%2Fcategories&post=69196"},{"taxonomy":"post_tag","embeddable":true,"href":"https:\/\/jugulajm.net\/index.php?rest_route=%2Fwp%2Fv2%2Ftags&post=69196"}],"curies":[{"name":"wp","href":"https:\/\/api.w.org\/{rel}","templated":true}]}}