{"id":69190,"date":"2023-12-17T16:49:14","date_gmt":"2023-12-17T15:49:14","guid":{"rendered":"https:\/\/jugulajm.net\/?p=69190"},"modified":"2023-12-17T16:49:14","modified_gmt":"2023-12-17T15:49:14","slug":"emri-rifillon-vetingu-ne-polici-ja-cili-drejtues-kalon-neser-para-komisionit","status":"publish","type":"post","link":"https:\/\/jugulajm.net\/?p=69190","title":{"rendered":"EMRI\/ Rifillon vetingu n\u00eb polici, ja cili drejtues kalon nes\u00ebr para komisionit"},"content":{"rendered":"<p>K\u00ebt\u00eb t\u00eb h\u00ebn\u00eb, Agjencia e Mbikqyrjes Policore, do t\u00eb rifilloj\u00eb procesin e Vetingut n\u00eb radh\u00ebt e policis\u00eb.<\/p>\n<p>P\u00ebrpara trup\u00ebs vler\u00ebsuese p\u00ebr t\u2019u p\u00ebrballur me gjetjet do t\u00eb dalin 3 drejtues t\u00eb lart\u00eb t\u00eb Policis\u00eb dhe AMP.<\/p>\n<p>Seancat do t\u00eb jen\u00eb publike dhe t\u00eb hapura p\u00ebr median.<\/p>\n<p>T\u00eb h\u00ebn\u00ebn n\u00eb seanc\u00eb d\u00ebgjimore do t\u00eb jet\u00eb drejtori i policis\u00eb Shkod\u00ebr, Edmond Sulaj, nd\u00ebrsa n\u00eb trup\u00eb vler\u00ebsimi do t\u00eb jet\u00eb Arben Sefaj-kryesues, Denisa Sina-relatore dhe Suela Bulku-an\u00ebtare.<\/p>\n<p>Trupa vler\u00ebsuese do t\u00eb verifikoj\u00eb pasurin\u00eb, past\u00ebrtin\u00eb e figur\u00ebs dhe aft\u00ebsive profesionale t\u00eb gjithsecilit prej tyre.<\/p>\n<p>Pas ndryshimeve ligjore, vetingu n\u00eb polici iu besua Agjencis\u00eb s\u00eb Mbikqyrjes Policore, pas shkrirjes s\u00eb komisionit t\u00eb jasht\u00ebm t\u00eb vler\u00ebsimit.<\/p>\n<p>Me ligjin e vjet\u00ebr por edhe t\u00eb ri, jan\u00eb vetuar 37 drejtues t\u00eb lart\u00eb t\u00eb policis\u00eb, nga t\u00eb cil\u00ebt 35 u konfirmuan n\u00eb detyr\u00eb dhe dy u p\u00ebrjashtuan.<\/p>\n<p>N\u00eb prill t\u00eb k\u00ebtij viti u hodh shorti ku caktoi 34 drejtues t\u00eb lart\u00eb t\u00eb policis\u00eb t\u00eb cil\u00ebt do t\u2019i n\u00ebnshtroheshin procesit t\u00eb vetingut dhe vendimet do t\u00eb shpalleshin brenda muajit Tetor.<\/p>\n<p>Por vonesat n\u00eb kthimin e p\u00ebrgjigjes nga institucionet si dhe l\u00ebvizjet n\u00eb Agjencin\u00eb e Mbikqyrjes Policore e shtyn\u00eb k\u00ebt\u00eb proces p\u00ebr n\u00eb dhjetor.<\/p>\n","protected":false},"excerpt":{"rendered":"<p>K\u00ebt\u00eb t\u00eb h\u00ebn\u00eb, Agjencia e Mbikqyrjes Policore, do t\u00eb rifilloj\u00eb procesin e Vetingut n\u00eb radh\u00ebt e policis\u00eb. P\u00ebrpara trup\u00ebs vler\u00ebsuese p\u00ebr t\u2019u p\u00ebrballur me gjetjet do t\u00eb dalin 3 drejtues t\u00eb lart\u00eb t\u00eb Policis\u00eb dhe AMP. Seancat do t\u00eb jen\u00eb publike dhe t\u00eb hapura p\u00ebr median. T\u00eb h\u00ebn\u00ebn n\u00eb seanc\u00eb d\u00ebgjimore do t\u00eb jet\u00eb drejtori [&hellip;]<\/p>\n","protected":false},"author":5,"featured_media":51977,"comment_status":"closed","ping_status":"closed","sticky":false,"template":"","format":"standard","meta":{"footnotes":""},"categories":[1,6332],"tags":[28314,28315],"class_list":{"0":"post-69190","1":"post","2":"type-post","3":"status-publish","4":"format-standard","5":"has-post-thumbnail","7":"category-aktualitet","8":"category-te-fundit","9":"tag-emri-rifillon-vetingu-ne-polici","10":"tag-ja-cili-drejtues-kalon-neser-para-komisionit"},"_links":{"self":[{"href":"https:\/\/jugulajm.net\/index.php?rest_route=\/wp\/v2\/posts\/69190","targetHints":{"allow":["GET"]}}],"collection":[{"href":"https:\/\/jugulajm.net\/index.php?rest_route=\/wp\/v2\/posts"}],"about":[{"href":"https:\/\/jugulajm.net\/index.php?rest_route=\/wp\/v2\/types\/post"}],"author":[{"embeddable":true,"href":"https:\/\/jugulajm.net\/index.php?rest_route=\/wp\/v2\/users\/5"}],"replies":[{"embeddable":true,"href":"https:\/\/jugulajm.net\/index.php?rest_route=%2Fwp%2Fv2%2Fcomments&post=69190"}],"version-history":[{"count":0,"href":"https:\/\/jugulajm.net\/index.php?rest_route=\/wp\/v2\/posts\/69190\/revisions"}],"wp:featuredmedia":[{"embeddable":true,"href":"https:\/\/jugulajm.net\/index.php?rest_route=\/wp\/v2\/media\/51977"}],"wp:attachment":[{"href":"https:\/\/jugulajm.net\/index.php?rest_route=%2Fwp%2Fv2%2Fmedia&parent=69190"}],"wp:term":[{"taxonomy":"category","embeddable":true,"href":"https:\/\/jugulajm.net\/index.php?rest_route=%2Fwp%2Fv2%2Fcategories&post=69190"},{"taxonomy":"post_tag","embeddable":true,"href":"https:\/\/jugulajm.net\/index.php?rest_route=%2Fwp%2Fv2%2Ftags&post=69190"}],"curies":[{"name":"wp","href":"https:\/\/api.w.org\/{rel}","templated":true}]}}