{"id":69188,"date":"2023-12-17T15:45:11","date_gmt":"2023-12-17T14:45:11","guid":{"rendered":"https:\/\/jugulajm.net\/?p=69188"},"modified":"2023-12-17T15:45:11","modified_gmt":"2023-12-17T14:45:11","slug":"historia-e-familjes-se-liridones-si-u-arratisen-nga-shqiperia-ne-vitet-e-diktatures","status":"publish","type":"post","link":"https:\/\/jugulajm.net\/?p=69188","title":{"rendered":"Historia e familjes s\u00eb Liridon\u00ebs, si u arratis\u00ebn nga Shqip\u00ebria n\u00eb vitet e diktatur\u00ebs&#8230;"},"content":{"rendered":"<p>Vrasja e Liridona Ademaj cil\u00ebsohet si nj\u00eb nga krimet m\u00eb t\u00eb r\u00ebnda t\u00eb dekad\u00ebs s\u00eb fundit, p\u00ebr shkak i rrethanave n\u00eb t\u00eb cilat \u00ebsht\u00eb kryer.<\/p>\n<p>Deri m\u00eb tani jan\u00eb d\u00ebgjuar e rr\u00ebfyer histori t\u00eb ndryshme rreth Liridon\u00ebs, bashk\u00ebshortit t\u00eb saj Naimit, i cili ka pranuar se ka qen\u00eb inicuesi p\u00ebr t\u00eb vrar\u00eb Liridon\u00ebn e familjet e t\u00eb dyve.<\/p>\n<p>Aktivisti Idriz Zeqiraj, n\u00eb nj\u00eb bashk\u00ebbisedim p\u00ebr \u2018Bota sot\u2019 ka folur rreth historis\u00eb s\u00eb familjes s\u00eb Liridona Ademaj.<\/p>\n<p>Zeqiraj thot\u00eb tregon pak histori p\u00ebr origjin\u00ebn e n\u00ebn\u00ebs Zyrafete t\u00eb Liridon\u00ebs.<\/p>\n<p>\u201cOrigjina familjare e Zyrafete Ademaj, n\u00ebna e Liridon\u00ebs, vjen nga familja Meshi nga Kusuri i Hasit, e arratisur nga Shqip\u00ebria n\u00eb Kosov\u00eb, n\u00eb vitet `50. Kjo familje, fillimisht, u vendos n\u00eb Podujev\u00eb dhe q\u00eb andej u bart n\u00eb fshatin Lubozhd\u00eb, p\u00ebr t`u vendosur, m\u00eb von\u00eb, n\u00eb Banj\u00eb t\u00eb Istogut, Ganiu me familjen e ngusht\u00eb, nj\u00ebri nga djemt\u00eb e plakut Hysen Meshi dhe tre djemt\u00eb t\u00eb tjer\u00eb n\u00eb vendbanimet p\u00ebrrreth. Familje e shkolluar dhe u pun\u00ebsuan, kryesisht, n\u00eb arsim, p\u00ebrfshir\u00eb edhe vajzat. Familja Meshi e mbetur n\u00eb Shqip\u00ebri, me dajallar\u00ebt e tyre t\u00eb fisit Paci, u godit\u00ebn r\u00ebnd\u00eb nga regjimi stalinist i Enver Hoxh\u00ebs. Nj\u00eb i ekzekutuar me plumb zyrtar, nj\u00eb i varur dhe 150 vjet\u00eb burg t\u00eb vuajtura. N\u00eb vitet `70 dhe `80 kemi vuajtur burgun e Burrelit, me nj\u00ebrin nga an\u00ebtar\u00ebt e familjes t\u00eb martirizuar Meshi\u201d, rr\u00ebfen ai.<\/p>\n<p>Zeqiraj tregon se, n\u00eb Luft\u00ebn e Kosov\u00ebs, dy djemt\u00eb e familjes Meshi, Bashkimi dhe Afrimi, n\u00eb Lubozhd\u00eb t\u00eb Istogut, n\u00eb p\u00ebrleshje ballore me policin\u00eb serbe, ran\u00eb d\u00ebshmor\u00eb.<\/p>\n<p>\u201cEnde -pa dh\u00ebn\u00eb shpirt- ata, v\u00ebllai i tyre, Kujtimi, fyta-fytas, i rr\u00ebmben arm\u00ebn policit dhe i vret dy polic\u00ebt. Nj\u00eb hakmarrje dhe shpagim i p\u00ebrflaksh\u00ebm, pa nj\u00eb rast t\u00eb dyt\u00eb! Ai me dy kunatat e veja, i rrit\u00ebn, edukuan dhe shkolluan t\u00eb 6 (gjasht\u00eb) f\u00ebmijt\u00eb jetim\u00eb, t\u00eb d\u00ebshmor\u00ebve t\u00eb liris\u00eb. Nisur nga kjo lidhje e t\u00ebrthort\u00eb, sapo m\u00ebsova p\u00ebr vrasjen monstruoze t\u00eb Liridon\u00ebs, shkrova se trupi i pajet\u00eb i saj t\u00eb zhvendoset nga varrezat e C\u00ebrmjanit, n\u00eb fshatin e lindjes, Rracaj. Jo pse fshatrat kishin 25 km. distanc\u00eb, por nuk kishte asnj\u00eb kuptim q\u00eb Liridona t\u00eb prehej atje, s\u00eb bashku me jet\u00ebmarr\u00ebsit e saj kriminel\u00eb brutal\u00eb\u201d, tregon ai.<\/p>\n<p>Ai thot\u00eb se, \u201cn\u00eb Facebook, ngush\u00ebllova familjen e Liridon\u00ebs, tashm\u00eb, vet\u00ebm Ademaj, si\u00e7 l\u00ebshoi porosin\u00eb xhentile em\u00ebrtuese, juristja e diplomuar Tearca Kica-Xhelili, duke sh\u00ebnuar edhe numrin e telefonit tim. N\u00eb mbremjen e asaj dite, me telefonoi Leonardi, v\u00ebllai i Liridon\u00ebs: \u201cKemi k\u00ebrkuar nga Prokuroria zhvarrimin e Liridon\u00ebs n\u00eb varrezat tona\u201d,- m\u00eb tha ai. Ishim t\u00eb nj\u00eb mendje q\u00eb vendin e hakmarrjes, ta zej\u00eb drejt\u00ebsia, me besimin e nj\u00eb trajtimi korrekt ligjor\u201d.<\/p>\n<p>Zeqiraj thot\u00eb se \u04ab\u00ebshtja e dy f\u00ebmij\u00ebve t\u00eb Liridon\u00ebs, nj\u00eb breng\u00eb q\u00eb bren, p\u00ebr gjysh\u00ebrit Ademaj. Pasja e tyre n\u00eb p\u00ebrkujdesje, leht\u00ebson dhimbjen, sikur ta ken\u00eb gjysm\u00eb Liridone n\u00eb familjen e tyre.<\/p>\n<p>\u201cV\u00ebllai me familje jeton n\u00eb Gjermani, tri motrat n\u00eb Zvic\u00ebr dhe nj\u00eb n\u00eb Kosov\u00eb. Un\u00eb jam i fejuar, prind\u00ebrit e moshuar nuk mund t`i l\u00ebm\u00eb t\u00eb vetmuar. Aktualisht, f\u00ebmijt\u00eb jan\u00eb te gjysh\u00ebrit Murseli, sepse n\u00eb familjen ton\u00eb gjendja \u00ebsht\u00eb tmerruese, gjith\u00eb lot e vaj\u00eb dhe f\u00ebmijt\u00eb do ta kuptojn\u00eb tragjedin\u00eb e n\u00ebn\u00ebs s\u00eb tyre. Zgjidhja e pranueshme e tashme, do t\u00eb ishte p\u00ebrkujdesja shtet\u00ebrore suedeze\u201d, \u2013 sqaroi Leonardi, p\u00ebrmes dhimbjes t\u00eb skajshme\u201d, tregon Zeqiraj.<\/p>\n","protected":false},"excerpt":{"rendered":"<p>Vrasja e Liridona Ademaj cil\u00ebsohet si nj\u00eb nga krimet m\u00eb t\u00eb r\u00ebnda t\u00eb dekad\u00ebs s\u00eb fundit, p\u00ebr shkak i rrethanave n\u00eb t\u00eb cilat \u00ebsht\u00eb kryer. Deri m\u00eb tani jan\u00eb d\u00ebgjuar e rr\u00ebfyer histori t\u00eb ndryshme rreth Liridon\u00ebs, bashk\u00ebshortit t\u00eb saj Naimit, i cili ka pranuar se ka qen\u00eb inicuesi p\u00ebr t\u00eb vrar\u00eb Liridon\u00ebn e familjet [&hellip;]<\/p>\n","protected":false},"author":5,"featured_media":68874,"comment_status":"closed","ping_status":"closed","sticky":false,"template":"","format":"standard","meta":{"footnotes":""},"categories":[1,27451,6332],"tags":[28312,28313],"class_list":{"0":"post-69188","1":"post","2":"type-post","3":"status-publish","4":"format-standard","5":"has-post-thumbnail","7":"category-aktualitet","8":"category-kosova","9":"category-te-fundit","10":"tag-historia-e-dhimbshme-e-familjes-se-liridones","11":"tag-si-u-arratisen-nga-shqiperia-ne-vitet"},"_links":{"self":[{"href":"https:\/\/jugulajm.net\/index.php?rest_route=\/wp\/v2\/posts\/69188","targetHints":{"allow":["GET"]}}],"collection":[{"href":"https:\/\/jugulajm.net\/index.php?rest_route=\/wp\/v2\/posts"}],"about":[{"href":"https:\/\/jugulajm.net\/index.php?rest_route=\/wp\/v2\/types\/post"}],"author":[{"embeddable":true,"href":"https:\/\/jugulajm.net\/index.php?rest_route=\/wp\/v2\/users\/5"}],"replies":[{"embeddable":true,"href":"https:\/\/jugulajm.net\/index.php?rest_route=%2Fwp%2Fv2%2Fcomments&post=69188"}],"version-history":[{"count":0,"href":"https:\/\/jugulajm.net\/index.php?rest_route=\/wp\/v2\/posts\/69188\/revisions"}],"wp:featuredmedia":[{"embeddable":true,"href":"https:\/\/jugulajm.net\/index.php?rest_route=\/wp\/v2\/media\/68874"}],"wp:attachment":[{"href":"https:\/\/jugulajm.net\/index.php?rest_route=%2Fwp%2Fv2%2Fmedia&parent=69188"}],"wp:term":[{"taxonomy":"category","embeddable":true,"href":"https:\/\/jugulajm.net\/index.php?rest_route=%2Fwp%2Fv2%2Fcategories&post=69188"},{"taxonomy":"post_tag","embeddable":true,"href":"https:\/\/jugulajm.net\/index.php?rest_route=%2Fwp%2Fv2%2Ftags&post=69188"}],"curies":[{"name":"wp","href":"https:\/\/api.w.org\/{rel}","templated":true}]}}