{"id":69144,"date":"2023-12-16T19:28:17","date_gmt":"2023-12-16T18:28:17","guid":{"rendered":"https:\/\/jugulajm.net\/?p=69144"},"modified":"2023-12-16T19:28:17","modified_gmt":"2023-12-16T18:28:17","slug":"ngjarja-te-burgu-i-peqinit-gazetari-zbulon-biseden-telefonike-i-burgosuri-me-tha-se","status":"publish","type":"post","link":"https:\/\/jugulajm.net\/?p=69144","title":{"rendered":"Ngjarja te burgu i Peqinit, gazetari zbulon bised\u00ebn telefonike: I burgosuri m\u00eb tha se&#8230;"},"content":{"rendered":"<p>Gazetari i kronikes, Artan Hoxha ka folur p\u00ebr ngjarjen e r\u00ebnd\u00eb t\u00eb ndodhur nj\u00eb dit\u00eb m\u00eb par\u00eb n\u00eb burgun e siguris\u00eb s\u00eb lart\u00eb n\u00eb Peqin, ku Sokol Mjacaj goditi p\u00ebr vdekje me arm\u00eb zjarri t\u00eb d\u00ebnuarin Arben Lleshin.<\/p>\n<p>Gazetari zbuloi se pak koh\u00eb m\u00eb par\u00eb ai kishte folur me nj\u00eb t\u00eb d\u00ebnuar tjet\u00eb n\u00eb t\u00eb nj\u00ebjtin sektor ku ndodhi ngjarja.<\/p>\n<p>Sipas Hoxh\u00ebs ai e kishte telefonuar p\u00ebr t\u2019i shprehur shqet\u00ebsimin se n\u00eb burg ishin futur arm\u00eb, nd\u00ebrsa i kishte th\u00ebn\u00eb edhe se \u201ckjo, nuk \u00ebsht\u00eb e dit\u00ebve t\u00eb fundit\u201d.<\/p>\n<p>\u201cDisa dit\u00eb m\u00eb par\u00eb kam folur me nj\u00eb t\u00eb d\u00ebnuar q\u00eb \u00ebsht\u00eb n\u00eb k\u00ebt\u00eb sektor dhe kam folur pik\u00ebrisht p\u00ebr k\u00ebt\u00eb gj\u00eb. Ai ndihej i rrezikuar dhe kishte informacion se brenda institucionit ishin futur arm\u00eb.<\/p>\n<p>Ai nuk e dinte se kush do t\u00eb goditej dhe kishte frik\u00eb se do t\u00eb goditej vet\u00eb. Personi q\u00eb un\u00eb kam komunikuar ka qen\u00eb i d\u00ebnuar jasht\u00eb shtetit, i d\u00ebnuar edhe n\u00eb Shqip\u00ebri.<br \/>\nAi i p\u00ebrket koh\u00ebs \u201997-200, \u00ebsht\u00eb d\u00ebnuar si pjes\u00ebtar i nj\u00eb nga bandave m\u00eb t\u00eb m\u00ebdha n\u00eb jug t\u00eb vendit.<\/p>\n<p>Ai \u00ebsht\u00eb kapur jasht\u00eb shtetit, u d\u00ebnua atje, u kthye n\u00eb Shqip\u00ebri. Ka diku te 25 vite burg, \u00ebsht\u00eb personazh i njohur dhe besoj se biseda ime me t\u00eb \u00ebsht\u00eb e regjistruar.<\/p>\n<p>Ma shprehu shqet\u00ebsimin sepse ndihej edhe vet\u00eb i k\u00ebrc\u00ebnuar dhe ndjeu se mund ta godisnin edhe at\u00eb.<\/p>\n<p>Ai m\u00eb dha edhe nj\u00eb orientim se kush mund t\u00eb kishte futur arm\u00eb brenda n\u00eb burg, ai m\u00eb tha gjithashtu se kjo gj\u00eb nuk ishte e dit\u00ebve t\u00eb fundit\u201d, tha gazetari, Artan Hoxha, per Euronews Albania.<\/p>\n","protected":false},"excerpt":{"rendered":"<p>Gazetari i kronikes, Artan Hoxha ka folur p\u00ebr ngjarjen e r\u00ebnd\u00eb t\u00eb ndodhur nj\u00eb dit\u00eb m\u00eb par\u00eb n\u00eb burgun e siguris\u00eb s\u00eb lart\u00eb n\u00eb Peqin, ku Sokol Mjacaj goditi p\u00ebr vdekje me arm\u00eb zjarri t\u00eb d\u00ebnuarin Arben Lleshin. Gazetari zbuloi se pak koh\u00eb m\u00eb par\u00eb ai kishte folur me nj\u00eb t\u00eb d\u00ebnuar tjet\u00eb n\u00eb t\u00eb [&hellip;]<\/p>\n","protected":false},"author":5,"featured_media":69145,"comment_status":"closed","ping_status":"closed","sticky":false,"template":"","format":"standard","meta":{"footnotes":""},"categories":[1,6332],"tags":[28292,28291],"class_list":{"0":"post-69144","1":"post","2":"type-post","3":"status-publish","4":"format-standard","5":"has-post-thumbnail","7":"category-aktualitet","8":"category-te-fundit","9":"tag-gazetari-zbulon-biseden-telefonike-i-burgosuri-me-tha-se","10":"tag-ngjarja-te-burgu-i-peqinit"},"_links":{"self":[{"href":"https:\/\/jugulajm.net\/index.php?rest_route=\/wp\/v2\/posts\/69144","targetHints":{"allow":["GET"]}}],"collection":[{"href":"https:\/\/jugulajm.net\/index.php?rest_route=\/wp\/v2\/posts"}],"about":[{"href":"https:\/\/jugulajm.net\/index.php?rest_route=\/wp\/v2\/types\/post"}],"author":[{"embeddable":true,"href":"https:\/\/jugulajm.net\/index.php?rest_route=\/wp\/v2\/users\/5"}],"replies":[{"embeddable":true,"href":"https:\/\/jugulajm.net\/index.php?rest_route=%2Fwp%2Fv2%2Fcomments&post=69144"}],"version-history":[{"count":0,"href":"https:\/\/jugulajm.net\/index.php?rest_route=\/wp\/v2\/posts\/69144\/revisions"}],"wp:featuredmedia":[{"embeddable":true,"href":"https:\/\/jugulajm.net\/index.php?rest_route=\/wp\/v2\/media\/69145"}],"wp:attachment":[{"href":"https:\/\/jugulajm.net\/index.php?rest_route=%2Fwp%2Fv2%2Fmedia&parent=69144"}],"wp:term":[{"taxonomy":"category","embeddable":true,"href":"https:\/\/jugulajm.net\/index.php?rest_route=%2Fwp%2Fv2%2Fcategories&post=69144"},{"taxonomy":"post_tag","embeddable":true,"href":"https:\/\/jugulajm.net\/index.php?rest_route=%2Fwp%2Fv2%2Ftags&post=69144"}],"curies":[{"name":"wp","href":"https:\/\/api.w.org\/{rel}","templated":true}]}}