{"id":69140,"date":"2023-12-16T18:27:08","date_gmt":"2023-12-16T17:27:08","guid":{"rendered":"https:\/\/jugulajm.net\/?p=69140"},"modified":"2023-12-16T18:27:08","modified_gmt":"2023-12-16T17:27:08","slug":"takimi-ne-gjirokaster-berisha-rama-qe-kur-eshte-kryeminister-pasuria-i-eshte-rritur-16-here","status":"publish","type":"post","link":"https:\/\/jugulajm.net\/?p=69140","title":{"rendered":"Takimi n\u00eb Gjirokast\u00ebr, Berisha: Rama q\u00eb kur \u00ebsht\u00eb kryeminist\u00ebr, pasuria i \u00ebsht\u00eb rritur 16 her\u00eb"},"content":{"rendered":"<p>Kryetari i PD, Sali Berisha gjat\u00eb takimit me demokrat\u00eb n\u00eb Gjirokast\u00ebr \u00ebsht\u00eb shprehur se, Edi Ram\u00ebs i \u00ebsht\u00eb rritur pasuria 16 q\u00eb kur \u00ebsht\u00eb b\u00ebr\u00eb kryeminist\u00ebr. Berisha tha se, kjo \u00ebsht\u00eb nj\u00eb periudh\u00eb kthese vendimtare p\u00ebr demokracin\u00eb dhe p\u00ebr kombin.<\/p>\n<p>\u201c\u00c7do shqiptar q\u00eb ndjen minimumit t\u00eb minimumit t\u00eb dashuris\u00eb p\u00ebr k\u00ebt\u00eb komb dhe p\u00ebr k\u00ebt\u00eb vend, duhet ta dij\u00eb se k\u00ebto 10 vite kan\u00eb qen\u00eb vitet e gjenocidit m\u00eb t\u00eb eg\u00ebr q\u00eb shqiptar\u00ebt kan\u00eb p\u00ebrjetuar n\u00eb t\u00eb gjith\u00eb shekujt.<\/p>\n<p>Kurr\u00eb ndonj\u00ebher\u00eb, nj\u00eb komb nuk num\u00ebron 35 p\u00ebrqind t\u00eb banor\u00ebve t\u00eb larguar nga vendi p\u00ebr shkak t\u00eb kushteve p\u00ebr shpopullim q\u00eb krijon regjimi.<\/p>\n<p>Lufta e Dyt\u00eb Bot\u00ebrore, n\u00eb vendin q\u00eb e p\u00ebrjetoi n\u00eb m\u00ebnyr\u00ebn m\u00eb dramatike at\u00eb, Polonin\u00eb, e pak\u00ebsoi at\u00eb komb me 20 p\u00ebrqind. As Siria n\u00eb luft\u00eb civile nuk \u00ebsht\u00eb pak\u00ebsuar as gjysm\u00ebn ton\u00eb.<\/p>\n<p>Dhe sot, Edi Rama shp\u00ebrndan tez\u00ebn se po shkojm\u00eb p\u00ebr eksplorime, se le t\u00eb ikin se do i z\u00ebvend\u00ebsojm\u00eb me bangladeshas, me indian\u00eb.<\/p>\n<p>Ne nuk mund t\u00eb pajtohemi kurr\u00eb me k\u00ebt\u00eb. Kjo \u00ebsht\u00eb nj\u00eb superemergjenc\u00eb komb\u00ebtare.<\/p>\n<p>Ne u themeluam si parti e interesit komb\u00ebtar.<\/p>\n<p>Po pse u themeluam si parti e interesit komb\u00ebtar. U themeluam se nuk ka nj\u00eb parti t\u00eb nj\u00eb kombi t\u00eb qytet\u00ebruar, q\u00eb nuk e shpall interesin komb\u00ebtar si interesin kryesor t\u00eb saj. Kudo q\u00eb ndodhet, nj\u00eb parti e lirive t\u00eb shqiptar\u00ebve, ka p\u00ebr nord interesin komb\u00ebtar.<\/p>\n<p>Dhe ku \u00ebsht\u00eb interesi komb\u00ebtar i shqiptar\u00ebve sot? \u00cbsht\u00eb n\u00eb duart e atij q\u00eb bota e quan, Pashiqi i shqiptar\u00ebve.<\/p>\n<p>M\u00eb tutje nuk shkojm\u00eb. Shkojm\u00eb dhe do shkojm\u00eb drejt p\u00ebrballjes me t\u00eb, gjer n\u00eb largimin e tij.<\/p>\n<p>Ky \u00ebsht\u00eb nj\u00eb moment kthese drejt fitores. Ai mbeti n\u00eb pushtet se ne nuk qem\u00eb t\u00eb zot\u00eb.<\/p>\n<p>Ju derdh\u00ebt lumenj djerse, ju i mbrojt\u00ebt idealet tuaja. Ju garantoj se me dat\u00ebn 25 prill, po t\u00eb mos tradhtoheshit, do ishin fitimtar\u00eb t\u00eb merituar.<\/p>\n<p>Por ai, n\u00eb nj\u00eb akt primitiv, hyri n\u00eb pazare me kreun e opozit\u00ebs. Po n\u00eb k\u00ebt\u00eb m\u00ebnyr\u00eb, ku jemi sot?<\/p>\n<p>Cili vend jemi ne? Sot ne jemi vendi n\u00eb cil\u00ebsin\u00eb, n\u00eb sistem republik\u00eb parlamentare, por n\u00eb fakt jo.<\/p>\n<p>N\u00eb fakt parlamenti pluralist nuk ekziston m\u00eb, sepse ky narkodiktator, kjo diktatur\u00eb bande, pas rr\u00ebmbimit t\u00eb vot\u00ebs, kaloi n\u00eb mas\u00ebn tjet\u00ebr ekstreme, mohimin e t\u00eb gjitha t\u00eb drejtave themelore kushtetuese t\u00eb deputet\u00ebve tuaj n\u00eb parlament.<\/p>\n<p>Kemi koh\u00eb q\u00eb aty ne jemi figurina, jemi thjesht nj\u00eb fasad\u00eb. E them k\u00ebt\u00eb sepse n\u00eb em\u00ebr tuaj, ne hartonim ligje. Ligjet tona ndryheshin n\u00eb sirtar, n\u00eb kund\u00ebrshtim me ligjin, me Kushtetut\u00ebn. Nuk kalonin nga komisioni n\u00eb komision, q\u00eb ju t\u00eb m\u00ebsonit se p\u00ebrfaq\u00ebsuesit tuaj po hartonin ligje p\u00ebr t\u00eb mbrojtur interesat tuaja.<\/p>\n<p>Ne d\u00ebrgonim rezoluta, deputeti juaj, p\u00ebr gjenocidin serb n\u00eb Kosov\u00eb, ndryhej n\u00eb sirtar dy vite dhe nuk vinte.<\/p>\n<p>Ky ishte nj\u00eb shkelmim i Kushtetut\u00ebs, e cila ka nj\u00eb nen t\u00eb ve\u00e7ant\u00eb ku sanksionon t\u00eb drejt\u00ebn ligjv\u00ebn\u00ebse t\u00eb deputetit. Pra ne u shnd\u00ebrruam n\u00eb deputet\u00eb pa t\u00eb drejta ligjv\u00ebn\u00ebse.<\/p>\n<p>Ju, n\u00ebp\u00ebrmjet nesh n\u00eb parlament, ushtroni sovranitetin. Kjo \u00ebsht\u00eb e drejta juaj p\u00ebr t\u00eb kontrolluar qeverin\u00eb, natyrisht n\u00ebp\u00ebrmjet parlamentareve. Dhe institucioni i k\u00ebtij kontrolli jan\u00eb komisionet hetimore parlamentare.<\/p>\n<p>Sigurisht q\u00eb ne komisionet hetimore parlamentare do i nd\u00ebrtonim p\u00ebr t\u00eb hetuar n\u00eb radh\u00eb t\u00eb par\u00eb at\u00eb q\u00eb \u00ebsht\u00eb kreu i Meduz\u00ebs, kreu i korrupsionit n\u00eb Shqip\u00ebri, p\u00ebr t\u00eb hetuar Edi Ram\u00ebn, p\u00ebr t\u00eb hetuar ministrat e tij.<\/p>\n<p>N\u00ebse nuk e b\u00ebnim k\u00ebt\u00eb, ne p\u00ebrkuleshim para tij. Dhe kjo nuk lejohej.<\/p>\n<p>Po ju jap vet\u00ebm nj\u00eb shembull, Edi Rama q\u00eb kur \u00ebsht\u00eb b\u00ebr\u00eb kryeminist\u00ebr, i jan\u00eb shtuar pasurit\u00eb e deklaruara 16 her\u00eb. Po si mund t\u00eb pasurohesh ti k\u00ebshtu, kur Kushtetuta t\u00eb ndalon, asnj\u00eb t\u00eb ardhur tjet\u00ebr p\u00ebrve\u00e7 rrog\u00ebs nuk mund t\u00eb kesh.<\/p>\n<p>N\u00eb vitin 2008 kishte t\u00eb depozituara 400 mij\u00eb lek\u00eb dhe 3800 euro. Tani n\u00eb vitin 2021 del me 100 milion\u00eb lek\u00eb t\u00eb reja dhe m\u00eb shum\u00eb.<\/p>\n<p>Po do hetohesh ti patjet\u00ebr, do hetohesh p\u00ebr t\u00eb gjith\u00eb aferat.<\/p>\n<p>O ti do hetohesh o ne nuk t\u00eb l\u00ebshojm\u00eb. Ky \u00ebsht\u00eb detyrimi yn\u00eb kushtetues. Nuk ka forc\u00eb n\u00eb bot\u00eb q\u00eb na p\u00ebrkul ne\u201d, u shpreh Berisha.<\/p>\n","protected":false},"excerpt":{"rendered":"<p>Kryetari i PD, Sali Berisha gjat\u00eb takimit me demokrat\u00eb n\u00eb Gjirokast\u00ebr \u00ebsht\u00eb shprehur se, Edi Ram\u00ebs i \u00ebsht\u00eb rritur pasuria 16 q\u00eb kur \u00ebsht\u00eb b\u00ebr\u00eb kryeminist\u00ebr. Berisha tha se, kjo \u00ebsht\u00eb nj\u00eb periudh\u00eb kthese vendimtare p\u00ebr demokracin\u00eb dhe p\u00ebr kombin. \u201c\u00c7do shqiptar q\u00eb ndjen minimumit t\u00eb minimumit t\u00eb dashuris\u00eb p\u00ebr k\u00ebt\u00eb komb dhe p\u00ebr k\u00ebt\u00eb [&hellip;]<\/p>\n","protected":false},"author":5,"featured_media":69142,"comment_status":"closed","ping_status":"closed","sticky":false,"template":"","format":"standard","meta":{"footnotes":""},"categories":[6326,6332],"tags":[28289,28290,28288],"class_list":{"0":"post-69140","1":"post","2":"type-post","3":"status-publish","4":"format-standard","5":"has-post-thumbnail","7":"category-politike","8":"category-te-fundit","9":"tag-berisha-rama-qe-kur-eshte-kryeminister","10":"tag-pasuria-i-eshte-rritur-16-here","11":"tag-takimi-ne-gjirokaster"},"_links":{"self":[{"href":"https:\/\/jugulajm.net\/index.php?rest_route=\/wp\/v2\/posts\/69140","targetHints":{"allow":["GET"]}}],"collection":[{"href":"https:\/\/jugulajm.net\/index.php?rest_route=\/wp\/v2\/posts"}],"about":[{"href":"https:\/\/jugulajm.net\/index.php?rest_route=\/wp\/v2\/types\/post"}],"author":[{"embeddable":true,"href":"https:\/\/jugulajm.net\/index.php?rest_route=\/wp\/v2\/users\/5"}],"replies":[{"embeddable":true,"href":"https:\/\/jugulajm.net\/index.php?rest_route=%2Fwp%2Fv2%2Fcomments&post=69140"}],"version-history":[{"count":0,"href":"https:\/\/jugulajm.net\/index.php?rest_route=\/wp\/v2\/posts\/69140\/revisions"}],"wp:featuredmedia":[{"embeddable":true,"href":"https:\/\/jugulajm.net\/index.php?rest_route=\/wp\/v2\/media\/69142"}],"wp:attachment":[{"href":"https:\/\/jugulajm.net\/index.php?rest_route=%2Fwp%2Fv2%2Fmedia&parent=69140"}],"wp:term":[{"taxonomy":"category","embeddable":true,"href":"https:\/\/jugulajm.net\/index.php?rest_route=%2Fwp%2Fv2%2Fcategories&post=69140"},{"taxonomy":"post_tag","embeddable":true,"href":"https:\/\/jugulajm.net\/index.php?rest_route=%2Fwp%2Fv2%2Ftags&post=69140"}],"curies":[{"name":"wp","href":"https:\/\/api.w.org\/{rel}","templated":true}]}}