{"id":69085,"date":"2023-12-15T18:19:58","date_gmt":"2023-12-15T17:19:58","guid":{"rendered":"https:\/\/jugulajm.net\/?p=69085"},"modified":"2023-12-15T18:19:58","modified_gmt":"2023-12-15T17:19:58","slug":"ministri-manja-flet-nga-burgu-i-peqinit-sot-u-dha-urdhri-qe","status":"publish","type":"post","link":"https:\/\/jugulajm.net\/?p=69085","title":{"rendered":"Ministri Manja flet nga burgu i Peqinit: Sot u dha urdhri q\u00eb&#8230;"},"content":{"rendered":"<nav class=\"menu-holder\">Ministri i Drejt\u00ebsis\u00eb Ulsi Manja ka shkuar n\u00eb ambjentet e burgut t\u00eb Peqinit, atje ku nj\u00eb i d\u00ebnuar mbeti i vrar\u00eb dhe nj\u00eb tjet\u00ebr u plagos. Ai shprehu ngush\u00ebllimet p\u00ebr familjar\u00ebt e viktim\u00ebs Arben Lleshi si dhe i uroi sh\u00ebrim t\u00eb shpejt\u00eb Indrit Shaqjas. Manja deklaroi se me t\u00eb gjith\u00eb dinamik\u00ebn e ngjarjes po merret Prokuroria e Elbasanit n\u00eb bashk\u00ebpunim me Ministrin\u00eb dhe Policin\u00eb e Shtetit.<i class=\"icon-angle-down\"><\/i><\/p>\n<\/nav>\n<section class=\"under-sticky-header\">\n<div class=\"container readmore-container mgb-40\">\n<div class=\"row row-12 clear\">\n<div class=\"col-lg-8 col-12 readmore-content\"><main><em>\u201cDua t\u00eb ngush\u00eblloj familjar\u00ebt e t\u00eb d\u00ebnuarit q\u00eb ka humbur jet\u00ebn, dua t\u2019i uroj sh\u00ebrim t\u00eb shpejt\u00eb t\u00eb d\u00ebnuarit t\u00eb plagosur dhe dua t\u00eb garantoj familjar\u00ebt e t\u00eb d\u00ebnuarve q\u00eb situata e siguris\u00eb \u00ebsht\u00eb ter\u00ebsisht n\u00eb kontroll. Autori \u00ebsht\u00eb me burgim t\u00eb p\u00ebrjetsh\u00ebm dhe po e vuante k\u00ebt\u00eb d\u00ebnim n\u00eb burg t\u00eb siguris\u00eb s\u00eb lart\u00eb dhe pas kryerje s\u00eb krimit i \u00ebsht\u00eb dor\u00ebsuar drejtorit t\u00eb p\u00ebrgjithsh\u00ebm t\u00eb burgjeve. Pas dor\u00ebzimit ai \u00ebsht\u00eb v\u00ebn\u00eb n\u00eb dispozicion t\u00eb drejtuesit t\u00eb Prokuroris\u00eb s\u00eb Elbasanit q\u00eb kan\u00eb asistuar k\u00ebt\u00eb ngjarje t\u00eb r\u00ebnd\u00eb. Ngjarja \u00ebsht\u00eb e r\u00ebnd\u00eb, por nuk ka pasur asnj\u00eb moment cenim t\u00eb jet\u00ebs t\u00eb punonj\u00ebsve. P\u00ebr dinamik\u00ebn e ngjarjes, shkaqet jan\u00eb hetime q\u00eb po i zhvillon prokuroria. Gjej rastin t\u00eb falenderoj Policin\u00eb e Shtetit, Forcat Operacionale\u201d,\u00a0<\/em>deklaroi Manja.<\/p>\n<p>M\u00eb tej ai u shpreh se urdhri p\u00ebr transferimin e autorit t\u00eb vrasjes Sokol Mjacaj n\u00eb regjimin e posa\u00e7\u00ebm \u201c41 biss\u201d u dha dit\u00ebn e sotme duke shtuar se shtimi i masave t\u00eb siguris\u00eb n\u00eb burgje \u00ebsht\u00eb nj\u00eb praktik\u00eb e \u00e7do fundviti.<\/p>\n<p><em>(41 biss \u00ebsht\u00eb nj\u00eb form\u00eb t\u00eb rrept\u00eb izolimi p\u00ebr t\u00eb d\u00ebnuarit q\u00eb nuk kishin hequr dor\u00eb nga shkelja e ligjit dhe brenda qelis\u00eb u jepnin urdhra bandave t\u00eb tyre kriminale. N\u00eb Shqip\u00ebri ky regjim i posa\u00e7\u00ebm u aplikua p\u00ebr her\u00eb t\u00eb par\u00eb n\u00eb vitin 2020. Deri m\u00eb tani, jan\u00eb 15 njer\u00ebz t\u00eb bot\u00ebs s\u00eb krimit q\u00eb e kan\u00eb provuar regjimin 41 bis n\u00eb qeli izolimi t\u00eb ngritura n\u00eb burgun e siguris\u00eb s\u00eb lart\u00eb n\u00eb Peqin dhe tek 313-a n\u00eb Tiran\u00eb.)<\/em><\/p>\n<p><strong>-N\u00eb \u00e7far\u00eb ambjenti \u00ebsht\u00eb q\u00eblluar ArbenLleshi?<\/strong><\/p>\n<p><strong>Ulsi Manja:<\/strong>\u00a0<em>Un\u00eb jam ministri i Drejt\u00ebsis\u00eb dhe nuk jam prokurori. Sigurisht zbardhjen e plot\u00eb t\u00eb dinamik\u00ebs jan\u00eb \u00e7\u00ebshtje q\u00eb i p\u00ebrkasin hetimit, dhe nuk dua t\u00eb cenoj asnj\u00eb element t\u00eb hetimit sepse do ket\u00eb n\u00eb or\u00ebt n\u00eb vazhdim, pasi t\u00eb merret n\u00eb pyetje edhe i d\u00ebnuar, do ket\u00eb nj\u00eb komunikim p\u00ebr opinionin publik aq sa e lejon hetimi.<\/em><\/p>\n<p><strong>-Kur \u00ebsht\u00eb transferuar n\u00eb k\u00ebt\u00eb burg?<\/strong><\/p>\n<p><strong>Ulsi Manja:<\/strong><em>\u00a0Sokol Mjacaj ka qen\u00eb duke vuajtur d\u00ebnimin n\u00eb JVP Peqin q\u00eb \u00ebsht\u00eb burg i siguris\u00eb s\u00eb lart\u00eb dhe ka nj\u00eb regjim t\u00eb posa\u00e7\u00ebm. Sot ka urdh\u00ebruar vendosjen n\u00eb regjim t\u00eb posac\u00ebm p\u00ebr ngjarje t\u00eb tjera q\u00eb lidhen me t\u00eb d\u00ebnuarin, n\u00eb materialin q\u00eb shoq\u00ebron urdhrin tim jan\u00eb t\u00eb detajuara arsyet.<\/em><\/p>\n<p><strong>-Pse nuk \u00ebsht\u00eb v\u00ebn\u00eb m\u00eb her\u00ebt n\u00eb regjim t\u00eb posa\u00e7\u00ebm?<\/strong><\/p>\n<p><strong>Ulsi Manja<\/strong>:\u00a0<em>Sepse ka nj\u00eb procedur\u00eb p\u00ebr vendosjen e nj\u00eb personi n\u00eb regjim t\u00eb posa\u00e7\u00ebm, edhe m\u00ebnyra e komunikimit ka nj\u00eb procedur\u00eb t\u00eb caktuar q\u00eb e vendos Drejtoria e P\u00ebrgjithshme e Burgut. Ju lutem mos m\u00eb b\u00ebni pyetje q\u00eb cenojn\u00eb hetimin q\u00eb po zhvillon Prokuroria n\u00eb bashk\u00ebpunim me ne dhe Policin\u00eb e Shtetit. Un\u00eb jam k\u00ebtu sonte dhe do jem n\u00eb dit\u00ebt n\u00eb vazhdim p\u00ebr t\u00eb nxjerr\u00eb t\u00eb gjitha p\u00ebrgjegj\u00ebsit\u00eb ligjore e administrative t\u00eb institucionit q\u00eb drejtoj un\u00eb. Ndoshta kjo ngjarje e p\u00ebrshpejtoi urdhrin p\u00ebr rritjen e nivelit t\u00eb gatishm\u00ebris\u00eb sepse \u00ebsht\u00eb praktik\u00eb q\u00eb b\u00ebhet gjithnj\u00eb n\u00eb prag t\u00eb festave. Por dua ta them qart\u00eb, t\u00eb gjtih\u00eb familjar\u00ebt e t\u00eb d\u00ebnuarve q\u00eb jan\u00eb n\u00eb institucionet tona t\u00eb qet\u00ebsohen, q\u00eb situata e rendit e siguris\u00eb n\u00eb t\u00eb gjitha burgjet \u00ebsht\u00eb n\u00ebn kontroll. Regjimi i posa\u00e7\u00ebm 41 biss, ka vazhduar dhe n\u00eb dit\u00ebt n\u00eb vazhdim do ket\u00eb persona q\u00eb do i n\u00ebnshtrohen k\u00ebtij regjimi.<\/em><\/p>\n<p>Vlen t\u00eb theksohet se Mjacaj e kreu vrasjen rreth nj\u00eb or\u00eb pasi\u00a0u b\u00eb publik urdhri se ai do t\u00eb transferohej n\u00eb \u201c41 biss\u201d.<\/p>\n<p><\/main><\/div>\n<\/div>\n<\/div>\n<\/section>\n","protected":false},"excerpt":{"rendered":"<p>Ministri i Drejt\u00ebsis\u00eb Ulsi Manja ka shkuar n\u00eb ambjentet e burgut t\u00eb Peqinit, atje ku nj\u00eb i d\u00ebnuar mbeti i vrar\u00eb dhe nj\u00eb tjet\u00ebr u plagos. Ai shprehu ngush\u00ebllimet p\u00ebr familjar\u00ebt e viktim\u00ebs Arben Lleshi si dhe i uroi sh\u00ebrim t\u00eb shpejt\u00eb Indrit Shaqjas. Manja deklaroi se me t\u00eb gjith\u00eb dinamik\u00ebn e ngjarjes po merret [&hellip;]<\/p>\n","protected":false},"author":5,"featured_media":69086,"comment_status":"closed","ping_status":"closed","sticky":false,"template":"","format":"standard","meta":{"footnotes":""},"categories":[1,6332],"tags":[28267],"class_list":{"0":"post-69085","1":"post","2":"type-post","3":"status-publish","4":"format-standard","5":"has-post-thumbnail","7":"category-aktualitet","8":"category-te-fundit","9":"tag-ministri-manja-flet-nga-burgu-i-peqinit-sot-u-dha-urdhri-qe"},"_links":{"self":[{"href":"https:\/\/jugulajm.net\/index.php?rest_route=\/wp\/v2\/posts\/69085","targetHints":{"allow":["GET"]}}],"collection":[{"href":"https:\/\/jugulajm.net\/index.php?rest_route=\/wp\/v2\/posts"}],"about":[{"href":"https:\/\/jugulajm.net\/index.php?rest_route=\/wp\/v2\/types\/post"}],"author":[{"embeddable":true,"href":"https:\/\/jugulajm.net\/index.php?rest_route=\/wp\/v2\/users\/5"}],"replies":[{"embeddable":true,"href":"https:\/\/jugulajm.net\/index.php?rest_route=%2Fwp%2Fv2%2Fcomments&post=69085"}],"version-history":[{"count":0,"href":"https:\/\/jugulajm.net\/index.php?rest_route=\/wp\/v2\/posts\/69085\/revisions"}],"wp:featuredmedia":[{"embeddable":true,"href":"https:\/\/jugulajm.net\/index.php?rest_route=\/wp\/v2\/media\/69086"}],"wp:attachment":[{"href":"https:\/\/jugulajm.net\/index.php?rest_route=%2Fwp%2Fv2%2Fmedia&parent=69085"}],"wp:term":[{"taxonomy":"category","embeddable":true,"href":"https:\/\/jugulajm.net\/index.php?rest_route=%2Fwp%2Fv2%2Fcategories&post=69085"},{"taxonomy":"post_tag","embeddable":true,"href":"https:\/\/jugulajm.net\/index.php?rest_route=%2Fwp%2Fv2%2Ftags&post=69085"}],"curies":[{"name":"wp","href":"https:\/\/api.w.org\/{rel}","templated":true}]}}