{"id":69073,"date":"2023-12-15T15:57:24","date_gmt":"2023-12-15T14:57:24","guid":{"rendered":"https:\/\/jugulajm.net\/?p=69073"},"modified":"2023-12-15T15:57:24","modified_gmt":"2023-12-15T14:57:24","slug":"ngjarja-ne-burgun-e-peqinit-vritet-1-i-burgosur-dhe-plagosen-2-te-tjere","status":"publish","type":"post","link":"https:\/\/jugulajm.net\/?p=69073","title":{"rendered":"Ngjarja n\u00eb burgun e Peqinit, vritet 1 i burgosur dhe plagosen 2 t\u00eb tjer\u00eb"},"content":{"rendered":"<p>I d\u00ebnuari Arben Lleshi mbeti i vrar\u00eb k\u00ebt\u00eb t\u00eb premte n\u00eb burgun e siguris\u00eb s\u00eb lart\u00eb n\u00eb Peqin.<\/p>\n<p>Ai u q\u00ebllua me arm\u00eb zjarri pistolet\u00eb, n\u00eb rrethana ende t\u00eb paqarta, dyshohet nga i burgosuri tjet\u00ebr Sokol Mjacaj. Ky i fundit \u00ebsht\u00eb i d\u00ebnuar me burgim t\u00eb p\u00ebrjetsh\u00ebm p\u00ebr vrasjen e dy turist\u00ebve \u00e7ek\u00eb n\u00eb Shkod\u00ebr n\u00eb vitin 2015.<\/p>\n<div><\/div>\n<p>Paraprakisht dyshohet se arma e zjarrit \u00ebsht\u00eb futur me dron n\u00eb ambientet e burgut, por ende nuk \u00ebsht\u00eb konfirmuar nga autoritetet.<\/p>\n<p>T\u00eb plagosur nga p\u00ebrleshja mbet\u00ebn edhe 2 t\u00eb burgosur t\u00eb tjer\u00eb. Nuk dihet n\u00ebse i plagosur ka mbetur edhe vet\u00eb Sokol Mjacaj.<\/p>\n<p>Nd\u00ebrsa i burgosuri i tret\u00eb i p\u00ebrfshir\u00eb n\u00eb p\u00ebrleshje ka qen\u00eb edhe Ilir Xhakja.<\/p>\n<p>Nd\u00ebrkoh\u00eb, me an\u00eb t\u00eb nj\u00eb reagimi t\u00eb shkurt\u00ebr, Ministria e Drejt\u00ebsis\u00eb tha se ka pasur nj\u00eb p\u00ebrplasje mes tre t\u00eb d\u00ebnuarve me burgim t\u00eb p\u00ebrjetsh\u00ebm, ku dy prej tyre kan\u00eb mbetur t\u00eb plagosur.<\/p>\n<p>Situata brenda burgut \u00ebsht\u00eb aktualisht n\u00ebn kontroll, nd\u00ebrsa hetimet po ndiqen nga Prokuroria e Elbasanit. N\u00eb vendngjarje kan\u00eb shkuar edhe Drejtori i P\u00ebrgjithshem i Burgjeve, Drejtori i P\u00ebrgjithsh\u00ebm i Policis\u00eb s\u00eb Shtetit, Forcat Operacionale t\u00eb Drejtoris\u00eb s\u00eb P\u00ebrgjithshme t\u00eb Burgjeve, forcat RENEA.<\/p>\n","protected":false},"excerpt":{"rendered":"<p>I d\u00ebnuari Arben Lleshi mbeti i vrar\u00eb k\u00ebt\u00eb t\u00eb premte n\u00eb burgun e siguris\u00eb s\u00eb lart\u00eb n\u00eb Peqin. Ai u q\u00ebllua me arm\u00eb zjarri pistolet\u00eb, n\u00eb rrethana ende t\u00eb paqarta, dyshohet nga i burgosuri tjet\u00ebr Sokol Mjacaj. Ky i fundit \u00ebsht\u00eb i d\u00ebnuar me burgim t\u00eb p\u00ebrjetsh\u00ebm p\u00ebr vrasjen e dy turist\u00ebve \u00e7ek\u00eb n\u00eb Shkod\u00ebr [&hellip;]<\/p>\n","protected":false},"author":5,"featured_media":69074,"comment_status":"closed","ping_status":"closed","sticky":false,"template":"","format":"standard","meta":{"footnotes":""},"categories":[1,6332],"tags":[28259,28260],"class_list":{"0":"post-69073","1":"post","2":"type-post","3":"status-publish","4":"format-standard","5":"has-post-thumbnail","7":"category-aktualitet","8":"category-te-fundit","9":"tag-ngjarja-ne-burgun-e-peqinit","10":"tag-vritet-1-i-burgosur-dhe-plagosen-2-te-tjere"},"_links":{"self":[{"href":"https:\/\/jugulajm.net\/index.php?rest_route=\/wp\/v2\/posts\/69073","targetHints":{"allow":["GET"]}}],"collection":[{"href":"https:\/\/jugulajm.net\/index.php?rest_route=\/wp\/v2\/posts"}],"about":[{"href":"https:\/\/jugulajm.net\/index.php?rest_route=\/wp\/v2\/types\/post"}],"author":[{"embeddable":true,"href":"https:\/\/jugulajm.net\/index.php?rest_route=\/wp\/v2\/users\/5"}],"replies":[{"embeddable":true,"href":"https:\/\/jugulajm.net\/index.php?rest_route=%2Fwp%2Fv2%2Fcomments&post=69073"}],"version-history":[{"count":0,"href":"https:\/\/jugulajm.net\/index.php?rest_route=\/wp\/v2\/posts\/69073\/revisions"}],"wp:featuredmedia":[{"embeddable":true,"href":"https:\/\/jugulajm.net\/index.php?rest_route=\/wp\/v2\/media\/69074"}],"wp:attachment":[{"href":"https:\/\/jugulajm.net\/index.php?rest_route=%2Fwp%2Fv2%2Fmedia&parent=69073"}],"wp:term":[{"taxonomy":"category","embeddable":true,"href":"https:\/\/jugulajm.net\/index.php?rest_route=%2Fwp%2Fv2%2Fcategories&post=69073"},{"taxonomy":"post_tag","embeddable":true,"href":"https:\/\/jugulajm.net\/index.php?rest_route=%2Fwp%2Fv2%2Ftags&post=69073"}],"curies":[{"name":"wp","href":"https:\/\/api.w.org\/{rel}","templated":true}]}}