{"id":69064,"date":"2023-12-15T14:41:18","date_gmt":"2023-12-15T13:41:18","guid":{"rendered":"https:\/\/jugulajm.net\/?p=69064"},"modified":"2023-12-15T14:41:18","modified_gmt":"2023-12-15T13:41:18","slug":"lajm-i-fundit-emri-krisma-ne-burgun-e-peqinit-i-denuari-qellon-me-arme-policin-merr-peng","status":"publish","type":"post","link":"https:\/\/jugulajm.net\/?p=69064","title":{"rendered":"LAJM I FUNDIT!! (EMRI) Krisma n\u00eb burgun e Peqinit, i d\u00ebnuari q\u00ebllon me arm\u00eb policin, merr peng\u2026"},"content":{"rendered":"<p>T\u00eb sht\u00ebna me arm\u00eb jan\u00eb regjistruar sot n\u00eb burgun e Peqinit.<\/p>\n<p>Sipas burimeve paraprake m\u00ebsohet se i d\u00ebnuari me burgim t\u00eb p\u00ebrjeshtsh\u00ebm Sokol Mjacaj, ka q\u00eblluar drejt nj\u00eb punonj\u00ebsi policie me arm\u00eb.<\/p>\n<p>M\u00eb pas me arm\u00eb ka mbajtur peng punonj\u00ebsit e kuzhin\u00ebs.<\/p>\n<p>Sokol Mjacaj \u00ebsht\u00eb i d\u00ebnuar me burgim t\u00eb p\u00ebrjetsh\u00ebm p\u00ebr vrasjen e dy turist\u00ebve \u00e7ek\u00eb, ngjarje e ndodhur disa vite m\u00eb p\u00ebrpara n\u00eb Dukagjin.<\/p>\n<p>M\u00eb her\u00ebt ministri i Drejt\u00ebsis\u00eb Ulsi Manja njoftoi se ai do t\u00eb izolohej n\u00eb regjimin e posa\u00e7\u00ebm, \u201c41 bis\u201d.<\/p>\n","protected":false},"excerpt":{"rendered":"<p>T\u00eb sht\u00ebna me arm\u00eb jan\u00eb regjistruar sot n\u00eb burgun e Peqinit. Sipas burimeve paraprake m\u00ebsohet se i d\u00ebnuari me burgim t\u00eb p\u00ebrjeshtsh\u00ebm Sokol Mjacaj, ka q\u00eblluar drejt nj\u00eb punonj\u00ebsi policie me arm\u00eb. M\u00eb pas me arm\u00eb ka mbajtur peng punonj\u00ebsit e kuzhin\u00ebs. Sokol Mjacaj \u00ebsht\u00eb i d\u00ebnuar me burgim t\u00eb p\u00ebrjetsh\u00ebm p\u00ebr vrasjen e dy [&hellip;]<\/p>\n","protected":false},"author":5,"featured_media":55169,"comment_status":"closed","ping_status":"closed","sticky":false,"template":"","format":"standard","meta":{"footnotes":""},"categories":[1,6332],"tags":[28254,28253,28255],"class_list":{"0":"post-69064","1":"post","2":"type-post","3":"status-publish","4":"format-standard","5":"has-post-thumbnail","7":"category-aktualitet","8":"category-te-fundit","9":"tag-i-denuari-qellon-me-arme-policin","10":"tag-lajm-i-fundit-emri-krisma-ne-burgun-e-peqinit","11":"tag-merr-peng"},"_links":{"self":[{"href":"https:\/\/jugulajm.net\/index.php?rest_route=\/wp\/v2\/posts\/69064","targetHints":{"allow":["GET"]}}],"collection":[{"href":"https:\/\/jugulajm.net\/index.php?rest_route=\/wp\/v2\/posts"}],"about":[{"href":"https:\/\/jugulajm.net\/index.php?rest_route=\/wp\/v2\/types\/post"}],"author":[{"embeddable":true,"href":"https:\/\/jugulajm.net\/index.php?rest_route=\/wp\/v2\/users\/5"}],"replies":[{"embeddable":true,"href":"https:\/\/jugulajm.net\/index.php?rest_route=%2Fwp%2Fv2%2Fcomments&post=69064"}],"version-history":[{"count":0,"href":"https:\/\/jugulajm.net\/index.php?rest_route=\/wp\/v2\/posts\/69064\/revisions"}],"wp:featuredmedia":[{"embeddable":true,"href":"https:\/\/jugulajm.net\/index.php?rest_route=\/wp\/v2\/media\/55169"}],"wp:attachment":[{"href":"https:\/\/jugulajm.net\/index.php?rest_route=%2Fwp%2Fv2%2Fmedia&parent=69064"}],"wp:term":[{"taxonomy":"category","embeddable":true,"href":"https:\/\/jugulajm.net\/index.php?rest_route=%2Fwp%2Fv2%2Fcategories&post=69064"},{"taxonomy":"post_tag","embeddable":true,"href":"https:\/\/jugulajm.net\/index.php?rest_route=%2Fwp%2Fv2%2Ftags&post=69064"}],"curies":[{"name":"wp","href":"https:\/\/api.w.org\/{rel}","templated":true}]}}