{"id":69039,"date":"2023-12-14T18:17:28","date_gmt":"2023-12-14T17:17:28","guid":{"rendered":"https:\/\/jugulajm.net\/?p=69039"},"modified":"2023-12-14T18:17:28","modified_gmt":"2023-12-14T17:17:28","slug":"sarandjoti-38-vjecar-mbytet-ne-kanalin-e-hidrocentralit-te-bistrices","status":"publish","type":"post","link":"https:\/\/jugulajm.net\/?p=69039","title":{"rendered":"Sarandjoti 38-vje\u00e7ar mbytet n\u00eb kanalin e hidrocentralit t\u00eb Bistric\u00ebs"},"content":{"rendered":"<p class=\"selectionShareable\">Nj\u00eb ngjarje e r\u00ebnd\u00eb \u00ebsht\u00eb sh\u00ebnuar n\u00eb Sarand\u00eb pasditen e k\u00ebsaj t\u00eb enjteje (14 dhjetor).<\/p>\n<p class=\"selectionShareable\">Policia b\u00ebn me dije se nj\u00eb\u00a038-vje\u00e7ar \u00ebsht\u00eb mbytur aksidentalisht n\u00eb kanalin e hidrocentralit \u201cBistrica 2\u201d.<\/p>\n<p class=\"selectionShareable\">Sipas deklarimeve t\u00eb familjar\u00ebve, ky shtetas vuante nga probleme t\u00eb sh\u00ebndetit mendor dhe ishte larguar nga banesa, para disa or\u00ebsh.<\/p>\n<p class=\"selectionShareable\">Ka nisur puna p\u00ebr zbardhjen e ngjarjes.<\/p>\n<p class=\"selectionShareable\"><strong>Njoftimi i policis\u00eb:<\/strong><\/p>\n<p class=\"selectionShareable\">Rreth or\u00ebs 16:00, dyshohet se \u00ebsht\u00eb mbytur aksidentalisht n\u00eb kanalin e hidrocentralit \u201cBistrica 2\u201d, shtetasi A. M., 38 vje\u00e7, banues n\u00eb Sarand\u00eb. Sipas deklarimeve t\u00eb familjar\u00ebve, ky shtetas vuante nga probleme t\u00eb sh\u00ebndetit mendor dhe ishte larguar nga banesa, para disa or\u00ebsh.<\/p>\n<p class=\"selectionShareable\">Grupi hetimor po punon p\u00ebr sqarimin e plot\u00eb t\u00eb rrethanave t\u00eb ngjarjes.<\/p>\n","protected":false},"excerpt":{"rendered":"<p>Nj\u00eb ngjarje e r\u00ebnd\u00eb \u00ebsht\u00eb sh\u00ebnuar n\u00eb Sarand\u00eb pasditen e k\u00ebsaj t\u00eb enjteje (14 dhjetor). Policia b\u00ebn me dije se nj\u00eb\u00a038-vje\u00e7ar \u00ebsht\u00eb mbytur aksidentalisht n\u00eb kanalin e hidrocentralit \u201cBistrica 2\u201d. Sipas deklarimeve t\u00eb familjar\u00ebve, ky shtetas vuante nga probleme t\u00eb sh\u00ebndetit mendor dhe ishte larguar nga banesa, para disa or\u00ebsh. Ka nisur puna p\u00ebr zbardhjen [&hellip;]<\/p>\n","protected":false},"author":5,"featured_media":47878,"comment_status":"closed","ping_status":"closed","sticky":false,"template":"","format":"standard","meta":{"footnotes":""},"categories":[1,6332],"tags":[28243],"class_list":{"0":"post-69039","1":"post","2":"type-post","3":"status-publish","4":"format-standard","5":"has-post-thumbnail","7":"category-aktualitet","8":"category-te-fundit","9":"tag-sarandjoti-38-vjecar-mbytet-ne-kanalin-e-hidrocentralit-te-bistrices"},"_links":{"self":[{"href":"https:\/\/jugulajm.net\/index.php?rest_route=\/wp\/v2\/posts\/69039","targetHints":{"allow":["GET"]}}],"collection":[{"href":"https:\/\/jugulajm.net\/index.php?rest_route=\/wp\/v2\/posts"}],"about":[{"href":"https:\/\/jugulajm.net\/index.php?rest_route=\/wp\/v2\/types\/post"}],"author":[{"embeddable":true,"href":"https:\/\/jugulajm.net\/index.php?rest_route=\/wp\/v2\/users\/5"}],"replies":[{"embeddable":true,"href":"https:\/\/jugulajm.net\/index.php?rest_route=%2Fwp%2Fv2%2Fcomments&post=69039"}],"version-history":[{"count":0,"href":"https:\/\/jugulajm.net\/index.php?rest_route=\/wp\/v2\/posts\/69039\/revisions"}],"wp:featuredmedia":[{"embeddable":true,"href":"https:\/\/jugulajm.net\/index.php?rest_route=\/wp\/v2\/media\/47878"}],"wp:attachment":[{"href":"https:\/\/jugulajm.net\/index.php?rest_route=%2Fwp%2Fv2%2Fmedia&parent=69039"}],"wp:term":[{"taxonomy":"category","embeddable":true,"href":"https:\/\/jugulajm.net\/index.php?rest_route=%2Fwp%2Fv2%2Fcategories&post=69039"},{"taxonomy":"post_tag","embeddable":true,"href":"https:\/\/jugulajm.net\/index.php?rest_route=%2Fwp%2Fv2%2Ftags&post=69039"}],"curies":[{"name":"wp","href":"https:\/\/api.w.org\/{rel}","templated":true}]}}