{"id":69025,"date":"2023-12-14T15:12:28","date_gmt":"2023-12-14T14:12:28","guid":{"rendered":"https:\/\/jugulajm.net\/?p=69025"},"modified":"2023-12-14T15:13:55","modified_gmt":"2023-12-14T14:13:55","slug":"rama-ndalon-shperblimin-per-administraten-ja-vendimi","status":"publish","type":"post","link":"https:\/\/jugulajm.net\/?p=69025","title":{"rendered":"Rama ndalon shp\u00ebrblimin p\u00ebr administrat\u00ebn, ja vendimi&#8230;"},"content":{"rendered":"<p>Kryeministri Edi Rama ka miratuar nj\u00eb vendim, q\u00eb parashikon ndalimin e p\u00ebrdorimit t\u00eb fondit t\u00eb posa\u00e7\u00ebm rezerv\u00eb t\u00eb institucioneve, ku parashikohet edhe organizimi i aktivitetet kulturore apo i shp\u00ebrblimeve.<\/p>\n<p>Konkretisht qeveria ka vendosur q\u00eb administrata publike t\u00eb mos ket\u00eb shp\u00ebrblim p\u00ebr festat e fundvitit, ve\u00e7 kategoris\u00eb q\u00eb njoftoi vet\u00eb kryeministri sot.<\/p>\n<p>\u201cN\u00eb mb\u00ebshtetje t\u00eb nenit 100 t\u00eb Kushtetut\u00ebs, t\u00eb nenit 4, t\u00eb ligjit nr.10405, dat\u00eb 23.4.2011, \u201cP\u00ebr kompetencat p\u00ebr p\u00ebrcaktimin e pagave dhe t\u00eb shp\u00ebrblimeve\u201d, dhe t\u00eb nenit 12, t\u00eb ligjit nr.84\/2022, \u201cP\u00ebr buxhetin e vitit 2023\u201d, me propozimin e ministrit t\u00eb Financave dhe Ekonomis\u00eb, K\u00ebshilli i Ministrave<\/p>\n<p>V E N D O S I:<\/p>\n<ol>\n<li>Pika 9, e vendimit nr.929, dat\u00eb 17.11.2010, t\u00eb K\u00ebshillit t\u00eb Ministrave, t\u00eb ndryshuar, ndryshohet, si m\u00eb posht\u00eb vijon:<\/li>\n<\/ol>\n<p>\u201c9. P\u00ebrjashtimisht, p\u00ebr vitin 2023, fondi i ve\u00e7ant\u00eb i institucioneve qendrore buxhetore dhe jobuxhetore, institucioneve t\u00eb vet\u00ebqeverisjes vendore, nj\u00ebsive t\u00eb fondeve speciale, institucioneve publike t\u00eb krijuara me ligj t\u00eb posa\u00e7\u00ebm, nd\u00ebrmarrjeve dhe shoq\u00ebrive tregtare me kapital mbi 50% shtet\u00ebror, n\u00eb var\u00ebsi t\u00eb institucioneve qendrore dhe vet\u00ebqeverisjes vendore, nuk p\u00ebrdoret p\u00ebr veprimtari social-kulturore dhe shp\u00ebrblimin e punonj\u00ebsve\u201d thuhet n\u00eb vendim.<\/p>\n","protected":false},"excerpt":{"rendered":"<p>Kryeministri Edi Rama ka miratuar nj\u00eb vendim, q\u00eb parashikon ndalimin e p\u00ebrdorimit t\u00eb fondit t\u00eb posa\u00e7\u00ebm rezerv\u00eb t\u00eb institucioneve, ku parashikohet edhe organizimi i aktivitetet kulturore apo i shp\u00ebrblimeve. Konkretisht qeveria ka vendosur q\u00eb administrata publike t\u00eb mos ket\u00eb shp\u00ebrblim p\u00ebr festat e fundvitit, ve\u00e7 kategoris\u00eb q\u00eb njoftoi vet\u00eb kryeministri sot. \u201cN\u00eb mb\u00ebshtetje t\u00eb nenit [&hellip;]<\/p>\n","protected":false},"author":5,"featured_media":54817,"comment_status":"closed","ping_status":"closed","sticky":false,"template":"","format":"standard","meta":{"footnotes":""},"categories":[6327,6332],"tags":[26352,28236],"class_list":{"0":"post-69025","1":"post","2":"type-post","3":"status-publish","4":"format-standard","5":"has-post-thumbnail","7":"category-ekonomi","8":"category-te-fundit","9":"tag-ja-vendimi","10":"tag-rama-ndalon-shperblimin-per-administraten"},"_links":{"self":[{"href":"https:\/\/jugulajm.net\/index.php?rest_route=\/wp\/v2\/posts\/69025","targetHints":{"allow":["GET"]}}],"collection":[{"href":"https:\/\/jugulajm.net\/index.php?rest_route=\/wp\/v2\/posts"}],"about":[{"href":"https:\/\/jugulajm.net\/index.php?rest_route=\/wp\/v2\/types\/post"}],"author":[{"embeddable":true,"href":"https:\/\/jugulajm.net\/index.php?rest_route=\/wp\/v2\/users\/5"}],"replies":[{"embeddable":true,"href":"https:\/\/jugulajm.net\/index.php?rest_route=%2Fwp%2Fv2%2Fcomments&post=69025"}],"version-history":[{"count":0,"href":"https:\/\/jugulajm.net\/index.php?rest_route=\/wp\/v2\/posts\/69025\/revisions"}],"wp:featuredmedia":[{"embeddable":true,"href":"https:\/\/jugulajm.net\/index.php?rest_route=\/wp\/v2\/media\/54817"}],"wp:attachment":[{"href":"https:\/\/jugulajm.net\/index.php?rest_route=%2Fwp%2Fv2%2Fmedia&parent=69025"}],"wp:term":[{"taxonomy":"category","embeddable":true,"href":"https:\/\/jugulajm.net\/index.php?rest_route=%2Fwp%2Fv2%2Fcategories&post=69025"},{"taxonomy":"post_tag","embeddable":true,"href":"https:\/\/jugulajm.net\/index.php?rest_route=%2Fwp%2Fv2%2Ftags&post=69025"}],"curies":[{"name":"wp","href":"https:\/\/api.w.org\/{rel}","templated":true}]}}