{"id":68995,"date":"2023-12-13T16:35:14","date_gmt":"2023-12-13T15:35:14","guid":{"rendered":"https:\/\/jugulajm.net\/?p=68995"},"modified":"2023-12-13T16:36:06","modified_gmt":"2023-12-13T15:36:06","slug":"kosove-perdhunuan-23-vjecaren-prangoset-babai-i-ish-deputetit-dhe-1-tjeter","status":"publish","type":"post","link":"https:\/\/jugulajm.net\/?p=68995","title":{"rendered":"P\u00ebrdhunuan 23-vje\u00e7aren, prangoset babai i ish-deputetit dhe 1 tjet\u00ebr"},"content":{"rendered":"<p>Policia e Kosov\u00ebs ka arrestuar dit\u00ebn e sotme dy persona, t\u00eb cil\u00ebt akuzohen p\u00ebr dhun\u00eb seksuale ndaj nj\u00eb 23-vje\u00e7areje nga Shqip\u00ebria, e cila vuan nga probleme t\u00eb sh\u00ebndetit mendor.<\/p>\n<p>E reja shqiptare ishte denoncuar e zhdukur n\u00eb Policin\u00eb e Shqip\u00ebris\u00eb, por dy dit\u00eb m\u00eb par\u00eb ajo \u00ebhst\u00eb gjetur n\u00eb komun\u00ebn e Pej\u00ebs, dhe u d\u00ebrgua n\u00eb spital, ku ju v\u00ebn\u00eb disa ekzaminime.<\/p>\n<p>Pas ekzaminimeve t\u00eb b\u00ebra n\u00eb Institutin Mjeko-Ligjor, rezultoi se e reja ishte dhunuar seksualisht nga dy persona, ku nj\u00ebri prej tyre rezultoi t\u00eb ishte baba ii ish-deputetit t\u00eb Kuvendit t\u00eb Kosov\u00ebs, Valon Berisha.<\/p>\n<p>\u201c<em>Pas nj\u00eb pune intensive operative nga Policia e Kosov\u00ebs, me autorizimet e Prokurorit t\u00eb Shtetit sot jan\u00eb arrestuar dy persona. T\u00eb nj\u00ebjtit jan\u00eb ndaluar me urdh\u00ebr t\u00eb Prokurorit t\u00eb Shtetit p\u00ebr vepr\u00ebn penale \u201cDhunimi\u201d. Gjithashtu Prokurori ka urdh\u00ebruar q\u00eb t\u00eb sekuestrohet vetura me t\u00eb cil\u00ebn dyshohet se \u00ebsht\u00eb kryer vepra penale dhe t\u00eb sigurohet vendi i ngjarjes, ku dyshohet se \u00ebsht\u00eb kryer kjo vep\u00ebr penale<\/em>\u201d \u2013 ka z\u00ebdh\u00ebn\u00ebsi i Prokuroris\u00eb n\u00eb Pej\u00eb, Shkodran Nik\u00e7i.<\/p>\n<p>Pas lajmit t\u00eb arrestimit t\u00eb babait t\u00eb ish-deputetit Berisha, Nacionale ka kontaktuar me ish-zyrtarin e lart\u00eb t\u00eb Kosov\u00ebs, i cili \u00ebsht\u00eb shprehur se \u00ebsht\u00eb njoftuar nga fqinj\u00ebt p\u00ebr k\u00ebt\u00eb rast, pasi ai vet\u00eb ndodhet n\u00eb Zvic\u00ebr.<\/p>\n<p>\u201c<em>Pasha bes\u00ebn qetash jan\u00eb duke m\u00eb thirr\u00eb kojshit\u00eb, un\u00eb jam n\u00eb Prishtin\u00eb. Jam kan\u00eb n\u00eb Zvic\u00ebr, un\u00eb nuk kam asnj\u00eb infomacion\u201d \u201cNuk po muj me marr\u00eb n\u00eb telefon\u2026 se kam ask\u00ebnd une atje. Nan\u00ebn e kam k\u00ebtu, baba \u00ebsht\u00eb n\u00eb Pej\u00eb. Kojshit\u00eb m\u00eb thirr\u00ebn, nuk \u00ebsht\u00eb Shabani ksajde e tash po nisna p\u00ebr Pej\u00eb ta shoh se \u00e7ka \u00ebsht\u00eb puna\u2026Baba i ka 65-66 vje<\/em>t\u201d \u2013 i ka th\u00ebn\u00eb ish-deputeti Berisha.<\/p>\n","protected":false},"excerpt":{"rendered":"<p>Policia e Kosov\u00ebs ka arrestuar dit\u00ebn e sotme dy persona, t\u00eb cil\u00ebt akuzohen p\u00ebr dhun\u00eb seksuale ndaj nj\u00eb 23-vje\u00e7areje nga Shqip\u00ebria, e cila vuan nga probleme t\u00eb sh\u00ebndetit mendor. E reja shqiptare ishte denoncuar e zhdukur n\u00eb Policin\u00eb e Shqip\u00ebris\u00eb, por dy dit\u00eb m\u00eb par\u00eb ajo \u00ebhst\u00eb gjetur n\u00eb komun\u00ebn e Pej\u00ebs, dhe u d\u00ebrgua [&hellip;]<\/p>\n","protected":false},"author":5,"featured_media":68996,"comment_status":"closed","ping_status":"closed","sticky":false,"template":"","format":"standard","meta":{"footnotes":""},"categories":[1,27451,6332],"tags":[28223,28224],"class_list":{"0":"post-68995","1":"post","2":"type-post","3":"status-publish","4":"format-standard","5":"has-post-thumbnail","7":"category-aktualitet","8":"category-kosova","9":"category-te-fundit","10":"tag-kosove-perdhunuan-23-vjecaren","11":"tag-prangoset-babai-i-ish-deputetit-dhe-1-tjeter"},"_links":{"self":[{"href":"https:\/\/jugulajm.net\/index.php?rest_route=\/wp\/v2\/posts\/68995","targetHints":{"allow":["GET"]}}],"collection":[{"href":"https:\/\/jugulajm.net\/index.php?rest_route=\/wp\/v2\/posts"}],"about":[{"href":"https:\/\/jugulajm.net\/index.php?rest_route=\/wp\/v2\/types\/post"}],"author":[{"embeddable":true,"href":"https:\/\/jugulajm.net\/index.php?rest_route=\/wp\/v2\/users\/5"}],"replies":[{"embeddable":true,"href":"https:\/\/jugulajm.net\/index.php?rest_route=%2Fwp%2Fv2%2Fcomments&post=68995"}],"version-history":[{"count":0,"href":"https:\/\/jugulajm.net\/index.php?rest_route=\/wp\/v2\/posts\/68995\/revisions"}],"wp:featuredmedia":[{"embeddable":true,"href":"https:\/\/jugulajm.net\/index.php?rest_route=\/wp\/v2\/media\/68996"}],"wp:attachment":[{"href":"https:\/\/jugulajm.net\/index.php?rest_route=%2Fwp%2Fv2%2Fmedia&parent=68995"}],"wp:term":[{"taxonomy":"category","embeddable":true,"href":"https:\/\/jugulajm.net\/index.php?rest_route=%2Fwp%2Fv2%2Fcategories&post=68995"},{"taxonomy":"post_tag","embeddable":true,"href":"https:\/\/jugulajm.net\/index.php?rest_route=%2Fwp%2Fv2%2Ftags&post=68995"}],"curies":[{"name":"wp","href":"https:\/\/api.w.org\/{rel}","templated":true}]}}