{"id":68983,"date":"2023-12-13T11:29:44","date_gmt":"2023-12-13T10:29:44","guid":{"rendered":"https:\/\/jugulajm.net\/?p=68983"},"modified":"2023-12-13T11:29:44","modified_gmt":"2023-12-13T10:29:44","slug":"emri-u-aksidentua-te-ura-e-merkurit-nderron-jete-mesuesi","status":"publish","type":"post","link":"https:\/\/jugulajm.net\/?p=68983","title":{"rendered":"EMRI\/ U aksidentua te \u201cUra e M\u00ebrkurit\u201d, nd\u00ebrron jet\u00eb m\u00ebsuesi"},"content":{"rendered":"<p>Ka nd\u00ebrruar jet\u00eb n\u00eb spital pacienti i aksidentuar Tahir Bici, nga Dragostunja e Librazhdit, i cili mbeti i plagosur n\u00eb aksidentin e ndodhur n\u00eb vendin e quajtur \u201cUra e M\u00ebrkurit\u201d, n\u00eb aksin Librazhd-Prrenjas, n\u00eb Quk\u00ebs.<\/p>\n<p>Ngjarja ndodhi dy dit\u00eb m\u00eb par\u00eb. N\u00eb aksident u p\u00ebrfshin\u00eb dy automjete dhe u plagos\u00ebn gjasht\u00eb persona.<\/p>\n<p>B\u00ebhet me dije se 54-vje\u00e7ari Tahir Bici ishte me profesion m\u00ebsues, nd\u00ebrsa nuk arriti t\u00eb mbijetonte dhe nd\u00ebrroi jet\u00eb n\u00eb spital.<\/p>\n<p>Bici ishte nj\u00ebri prej t\u00eb plagosurve m\u00eb r\u00ebnd\u00eb, q\u00eb \u00ebsht\u00eb transportuar p\u00ebr n\u00eb repartin e kirurgjis\u00eb s\u00eb Spitalit t\u00eb Elbasanit, p\u00ebr shkak t\u00eb frakturave t\u00eb shumta q\u00eb i jan\u00eb shkaktuar nga aksidenti.<\/p>\n<p>Policia tha se nj\u00eb automjet dyshohet se ka humbur drejtimin e l\u00ebvizjes, \u00ebsht\u00eb p\u00ebrplasur me nj\u00eb tjet\u00ebr dhe ka dal\u00eb jasht\u00eb rruge, duke u p\u00ebrplasur me bordur\u00ebn an\u00ebsore.<\/p>\n","protected":false},"excerpt":{"rendered":"<p>Ka nd\u00ebrruar jet\u00eb n\u00eb spital pacienti i aksidentuar Tahir Bici, nga Dragostunja e Librazhdit, i cili mbeti i plagosur n\u00eb aksidentin e ndodhur n\u00eb vendin e quajtur \u201cUra e M\u00ebrkurit\u201d, n\u00eb aksin Librazhd-Prrenjas, n\u00eb Quk\u00ebs. Ngjarja ndodhi dy dit\u00eb m\u00eb par\u00eb. N\u00eb aksident u p\u00ebrfshin\u00eb dy automjete dhe u plagos\u00ebn gjasht\u00eb persona. B\u00ebhet me dije [&hellip;]<\/p>\n","protected":false},"author":5,"featured_media":68984,"comment_status":"closed","ping_status":"closed","sticky":false,"template":"","format":"standard","meta":{"footnotes":""},"categories":[1,6332],"tags":[28216,28217],"class_list":{"0":"post-68983","1":"post","2":"type-post","3":"status-publish","4":"format-standard","5":"has-post-thumbnail","7":"category-aktualitet","8":"category-te-fundit","9":"tag-emri-u-aksidentua-te-ura-e-merkurit","10":"tag-nderron-jete-mesuesi"},"_links":{"self":[{"href":"https:\/\/jugulajm.net\/index.php?rest_route=\/wp\/v2\/posts\/68983","targetHints":{"allow":["GET"]}}],"collection":[{"href":"https:\/\/jugulajm.net\/index.php?rest_route=\/wp\/v2\/posts"}],"about":[{"href":"https:\/\/jugulajm.net\/index.php?rest_route=\/wp\/v2\/types\/post"}],"author":[{"embeddable":true,"href":"https:\/\/jugulajm.net\/index.php?rest_route=\/wp\/v2\/users\/5"}],"replies":[{"embeddable":true,"href":"https:\/\/jugulajm.net\/index.php?rest_route=%2Fwp%2Fv2%2Fcomments&post=68983"}],"version-history":[{"count":0,"href":"https:\/\/jugulajm.net\/index.php?rest_route=\/wp\/v2\/posts\/68983\/revisions"}],"wp:featuredmedia":[{"embeddable":true,"href":"https:\/\/jugulajm.net\/index.php?rest_route=\/wp\/v2\/media\/68984"}],"wp:attachment":[{"href":"https:\/\/jugulajm.net\/index.php?rest_route=%2Fwp%2Fv2%2Fmedia&parent=68983"}],"wp:term":[{"taxonomy":"category","embeddable":true,"href":"https:\/\/jugulajm.net\/index.php?rest_route=%2Fwp%2Fv2%2Fcategories&post=68983"},{"taxonomy":"post_tag","embeddable":true,"href":"https:\/\/jugulajm.net\/index.php?rest_route=%2Fwp%2Fv2%2Ftags&post=68983"}],"curies":[{"name":"wp","href":"https:\/\/api.w.org\/{rel}","templated":true}]}}