{"id":68941,"date":"2023-12-12T10:58:11","date_gmt":"2023-12-12T09:58:11","guid":{"rendered":"https:\/\/jugulajm.net\/?p=68941"},"modified":"2023-12-12T10:58:11","modified_gmt":"2023-12-12T09:58:11","slug":"humbi-vajzen-ne-aksident-tavo-mesazh-prekes-pas-ngjarjes-tragjike","status":"publish","type":"post","link":"https:\/\/jugulajm.net\/?p=68941","title":{"rendered":"Humbi vajz\u00ebn n\u00eb aksident, Tavo mesazh prek\u00ebs pas ngjarjes tragjike"},"content":{"rendered":"<p>Ish-deputeti i Qarkut Gjirokast\u00ebr, Vangjel Tavo, ka reaguar me nj\u00eb mesazh prek\u00ebs pas aksidentit tragjik ku humbi jet\u00ebn vajza e tij.<\/p>\n<p>Me an\u00eb t\u00eb nj\u00eb postimi n\u00eb Facebook, Tavo shprehu mir\u00ebnjohje p\u00ebr miqt\u00eb dhe dashamir\u00ebsit t\u00eb cil\u00ebt i ofruan mb\u00ebshtetje p\u00ebr dit\u00ebt e v\u00ebshtira.<\/p>\n<p><strong>Reagimi i Tavos:<\/strong><\/p>\n<p>\u201c<em>T\u00eb nderuar t\u00eb af\u00ebrm, miq, e dashamir\u00ebs,<\/em><\/p>\n<p><em>Asgj\u00eb nuk e zhb\u00ebn humbjen e madhe t\u00eb familjes son\u00eb por mb\u00ebshtetja juaj tejet njer\u00ebzore dhe e pakufi ka qen\u00eb ngush\u00ebllim i r\u00ebnd\u00ebsish\u00ebm e dometh\u00ebn\u00ebs p\u00ebr t\u00eb gjith\u00eb ne.<\/em><\/p>\n<p><em>Shprehim mir\u00ebnjohjen e thell\u00eb p\u00ebr gjith\u00ebsecilin prej jush p\u00ebr respektin q\u00eb treguat, duke e vler\u00ebsuar tej mase q\u00eb erdh\u00ebt nga t\u00eb gjitha qytetet e vendit, si edhe nga shum\u00eb shtete jasht\u00eb kufijve, p\u00ebr t\u00eb na u gjendur pran\u00eb e duke na u b\u00ebr\u00eb krah.<\/em><\/p>\n<p><em>I shprehim mir\u00ebnjohjen edhe t\u00eb gjitha autoriteteve dhe instancave zyrtare, t\u00eb cilat u angazhuan maksimalisht p\u00ebr t\u00eb na asistuar n\u00eb \u00e7do nevoj\u00eb.<\/em><\/p>\n<p><em>Nuk urojm\u00eb kurr\u00eb q\u00eb t\u2019jua shp\u00ebrblejm\u00eb mir\u00ebnjohjen n\u00eb t\u00eb tilla rrethana, por vet\u00ebm n\u00eb t\u00eb mira e g\u00ebzime p\u00ebr ju dhe familjen tuaj!<\/em><\/p>\n<p><em>Me p\u00ebrulje, mir\u00ebnjohje dhe respekt t\u00eb thell\u00eb p\u00ebr t\u00eb gjith\u00eb ju.<\/em><\/p>\n<p><em>Vangjel Tavo dhe Familja<\/em><\/p>\n","protected":false},"excerpt":{"rendered":"<p>Ish-deputeti i Qarkut Gjirokast\u00ebr, Vangjel Tavo, ka reaguar me nj\u00eb mesazh prek\u00ebs pas aksidentit tragjik ku humbi jet\u00ebn vajza e tij. Me an\u00eb t\u00eb nj\u00eb postimi n\u00eb Facebook, Tavo shprehu mir\u00ebnjohje p\u00ebr miqt\u00eb dhe dashamir\u00ebsit t\u00eb cil\u00ebt i ofruan mb\u00ebshtetje p\u00ebr dit\u00ebt e v\u00ebshtira. Reagimi i Tavos: \u201cT\u00eb nderuar t\u00eb af\u00ebrm, miq, e dashamir\u00ebs, Asgj\u00eb [&hellip;]<\/p>\n","protected":false},"author":5,"featured_media":68943,"comment_status":"closed","ping_status":"closed","sticky":false,"template":"","format":"standard","meta":{"footnotes":""},"categories":[1,6332],"tags":[28195,28196],"class_list":{"0":"post-68941","1":"post","2":"type-post","3":"status-publish","4":"format-standard","5":"has-post-thumbnail","7":"category-aktualitet","8":"category-te-fundit","9":"tag-humbi-vajzen-ne-aksident","10":"tag-tavo-mesazh-prekes-pas-ngjarjes-tragjike"},"_links":{"self":[{"href":"https:\/\/jugulajm.net\/index.php?rest_route=\/wp\/v2\/posts\/68941","targetHints":{"allow":["GET"]}}],"collection":[{"href":"https:\/\/jugulajm.net\/index.php?rest_route=\/wp\/v2\/posts"}],"about":[{"href":"https:\/\/jugulajm.net\/index.php?rest_route=\/wp\/v2\/types\/post"}],"author":[{"embeddable":true,"href":"https:\/\/jugulajm.net\/index.php?rest_route=\/wp\/v2\/users\/5"}],"replies":[{"embeddable":true,"href":"https:\/\/jugulajm.net\/index.php?rest_route=%2Fwp%2Fv2%2Fcomments&post=68941"}],"version-history":[{"count":0,"href":"https:\/\/jugulajm.net\/index.php?rest_route=\/wp\/v2\/posts\/68941\/revisions"}],"wp:featuredmedia":[{"embeddable":true,"href":"https:\/\/jugulajm.net\/index.php?rest_route=\/wp\/v2\/media\/68943"}],"wp:attachment":[{"href":"https:\/\/jugulajm.net\/index.php?rest_route=%2Fwp%2Fv2%2Fmedia&parent=68941"}],"wp:term":[{"taxonomy":"category","embeddable":true,"href":"https:\/\/jugulajm.net\/index.php?rest_route=%2Fwp%2Fv2%2Fcategories&post=68941"},{"taxonomy":"post_tag","embeddable":true,"href":"https:\/\/jugulajm.net\/index.php?rest_route=%2Fwp%2Fv2%2Ftags&post=68941"}],"curies":[{"name":"wp","href":"https:\/\/api.w.org\/{rel}","templated":true}]}}