{"id":68925,"date":"2023-12-12T08:18:06","date_gmt":"2023-12-12T07:18:06","guid":{"rendered":"https:\/\/jugulajm.net\/?p=68925"},"modified":"2023-12-12T08:19:19","modified_gmt":"2023-12-12T07:19:19","slug":"i-vihet-zjarri-me-benzine-viles-3-kateshe-zjarrfikesit-shpetojne-te-moshuarin-ja-dyshimet","status":"publish","type":"post","link":"https:\/\/jugulajm.net\/?p=68925","title":{"rendered":"EMRI\/ I vihet zjarri me benzin\u00eb vil\u00ebs 3-kat\u00ebshe, zjarrfik\u00ebsit shp\u00ebtojn\u00eb t\u00eb moshuarin, ja dyshimet&#8230;"},"content":{"rendered":"<p>Nj\u00eb zjarr ka r\u00ebn\u00eb pas mesnate n\u00eb nj\u00eb vil\u00eb 3-kat\u00ebshe n\u00eb lagjen \u201c30-Vjetori\u201d n\u00eb Berat. Vila \u00ebsht\u00eb n\u00eb pron\u00ebsi t\u00eb shtetasit Dritan Qato,i cili jeton prej shum\u00eb vitesh n\u00eb Itali s\u00eb bashku me familjen, nd\u00ebrkoh\u00eb q\u00eb banes\u00eb jeton i vet\u00ebm babai Shahin Qato, 78 vje\u00e7.<\/p>\n<p>Pas njoftimit t\u00eb marr\u00eb p\u00ebr zjarrin, n\u00eb vendngjarje kan\u00eb shkuar forca t\u00eb shumta t\u00eb Repartit Zjarrfik\u00ebs Berat dhe forca policie.<\/p>\n<p>Zjarri \u00ebsht\u00eb mundur t\u00eb lokalizohet n\u00eb nj\u00eb koh\u00eb t\u00eb shkurt\u00ebr, nd\u00ebrkoh\u00eb q\u00eb \u00ebsht\u00eb nxjerr\u00eb pa l\u00ebndime nga banesa i moshuari.<\/p>\n<p>Si pasoj\u00eb e zjarrit fatmir\u00ebsisht nuk ka pasur t\u00eb l\u00ebnduar, nd\u00ebrkoh\u00eb q\u00eb d\u00ebme ka p\u00ebsuar nga zjarri vet\u00ebm kati i tret\u00eb i vil\u00ebs.<\/p>\n<p>Shefi i Repartit t\u00eb Sh\u00ebrbimit Zjarrfik\u00ebs Berat, Artan Merko, ka deklaruar se pas njoftimit t\u00eb marr\u00eb, menj\u00ebher\u00eb n\u00eb vendngjarje kan\u00eb shkuar zjarrfik\u00ebsit, q\u00eb kan\u00eb par\u00eb se kati i tret\u00eb i vil\u00ebs ishte n\u00eb flak\u00eb.<\/p>\n<p>Merko konfirmon se kemi t\u00eb b\u00ebjm\u00eb me nj\u00eb zjarr\u00ebv\u00ebnie t\u00eb q\u00ebllimshme, pasi vila ishte e lyer nga t\u00eb gjitha an\u00ebt me benzin\u00eb.<\/p>\n<p>Merko ka deklaruar se n\u00eb ndihm\u00eb kan\u00eb mb\u00ebrritur m\u00eb shum\u00eb forca zjarrfik\u00ebse dhe u b\u00eb e mundur v\u00ebnia n\u00ebn kontroll dhe fikja e plot\u00eb e vatr\u00ebs s\u00eb zjarrit.<\/p>\n<p>N\u00eb vendngjarje kan\u00eb mb\u00ebrritur edhe efektiv\u00eb t\u00eb shumt\u00eb policie, q\u00eb do t\u00eb kryejn\u00eb k\u00ebqyrjen e vendngjarjes, p\u00ebr t\u00eb b\u00ebr\u00eb t\u00eb mundur zbardhjen e saj si dhe identifikimin e autorit (autor\u00ebve).<\/p>\n<p>Ende nuk dihen shkaqet se p\u00ebrse banesa u lye me benzin\u00eb dhe m\u00eb pas iu vu flaka, nd\u00ebrkoh\u00eb q\u00eb burimet policore konfirmojn\u00eb se po kontrollohen edhe kamerat e sht\u00ebpive dhe t\u00eb bizneseve p\u00ebrreth vil\u00ebs.<\/p>\n","protected":false},"excerpt":{"rendered":"<p>Nj\u00eb zjarr ka r\u00ebn\u00eb pas mesnate n\u00eb nj\u00eb vil\u00eb 3-kat\u00ebshe n\u00eb lagjen \u201c30-Vjetori\u201d n\u00eb Berat. Vila \u00ebsht\u00eb n\u00eb pron\u00ebsi t\u00eb shtetasit Dritan Qato,i cili jeton prej shum\u00eb vitesh n\u00eb Itali s\u00eb bashku me familjen, nd\u00ebrkoh\u00eb q\u00eb banes\u00eb jeton i vet\u00ebm babai Shahin Qato, 78 vje\u00e7. Pas njoftimit t\u00eb marr\u00eb p\u00ebr zjarrin, n\u00eb vendngjarje kan\u00eb shkuar [&hellip;]<\/p>\n","protected":false},"author":5,"featured_media":56138,"comment_status":"closed","ping_status":"closed","sticky":false,"template":"","format":"standard","meta":{"footnotes":""},"categories":[1,6332],"tags":[28188,20344,28189],"class_list":{"0":"post-68925","1":"post","2":"type-post","3":"status-publish","4":"format-standard","5":"has-post-thumbnail","7":"category-aktualitet","8":"category-te-fundit","9":"tag-i-vihet-zjarri-me-benzine-viles-3-kateshe","10":"tag-ja-dyshimet","11":"tag-zjarrfikesit-shpetojne-te-moshuarin"},"_links":{"self":[{"href":"https:\/\/jugulajm.net\/index.php?rest_route=\/wp\/v2\/posts\/68925","targetHints":{"allow":["GET"]}}],"collection":[{"href":"https:\/\/jugulajm.net\/index.php?rest_route=\/wp\/v2\/posts"}],"about":[{"href":"https:\/\/jugulajm.net\/index.php?rest_route=\/wp\/v2\/types\/post"}],"author":[{"embeddable":true,"href":"https:\/\/jugulajm.net\/index.php?rest_route=\/wp\/v2\/users\/5"}],"replies":[{"embeddable":true,"href":"https:\/\/jugulajm.net\/index.php?rest_route=%2Fwp%2Fv2%2Fcomments&post=68925"}],"version-history":[{"count":0,"href":"https:\/\/jugulajm.net\/index.php?rest_route=\/wp\/v2\/posts\/68925\/revisions"}],"wp:featuredmedia":[{"embeddable":true,"href":"https:\/\/jugulajm.net\/index.php?rest_route=\/wp\/v2\/media\/56138"}],"wp:attachment":[{"href":"https:\/\/jugulajm.net\/index.php?rest_route=%2Fwp%2Fv2%2Fmedia&parent=68925"}],"wp:term":[{"taxonomy":"category","embeddable":true,"href":"https:\/\/jugulajm.net\/index.php?rest_route=%2Fwp%2Fv2%2Fcategories&post=68925"},{"taxonomy":"post_tag","embeddable":true,"href":"https:\/\/jugulajm.net\/index.php?rest_route=%2Fwp%2Fv2%2Ftags&post=68925"}],"curies":[{"name":"wp","href":"https:\/\/api.w.org\/{rel}","templated":true}]}}