{"id":68908,"date":"2023-12-11T17:48:02","date_gmt":"2023-12-11T16:48:02","guid":{"rendered":"https:\/\/jugulajm.net\/?p=68908"},"modified":"2023-12-11T17:48:02","modified_gmt":"2023-12-11T16:48:02","slug":"emri-29-vjecari-shqiptar-ekstradohet-nga-anglia-ja-per-cfare-akuzohet","status":"publish","type":"post","link":"https:\/\/jugulajm.net\/?p=68908","title":{"rendered":"EMRI\/ 29-vje\u00e7ari shqiptar ekstradohet nga Anglia, ja p\u00ebr \u00e7far\u00eb akuzohet&#8230;"},"content":{"rendered":"<p>Nj\u00eb 29-vje\u00e7ar i d\u00ebnuar me 4 vjet e 8 muaj burgim, p\u00ebr plagosjen e nj\u00eb shtetasi, me arm\u00eb zjarri pistolet\u00eb, do t\u00eb ekstradohet nga Mbret\u00ebria e Bashkuar drejt Shqip\u00ebris\u00eb.<\/p>\n<p>Shtetasi n\u00eb fjal\u00eb \u00ebsht\u00eb shqiptari Ledio Hysa, 29 vje\u00e7.<\/p>\n<p>K\u00ebt\u00eb shtetas, Gjykata e Rrethit Gjyq\u00ebsor Elbasan, n\u00eb vitin 2019, e ka d\u00ebnuar me 4 vjet e 8 muaj burgim, p\u00ebr veprat penale \u201cPlagosja e leht\u00eb me dashje\u201d dhe \u201cMbajtja pa leje dhe prodhimi i arm\u00ebve, arm\u00ebve shp\u00ebrthyese dhe municionit\u201d.<\/p>\n<p>Ledio Hysa, n\u00eb vitin 2018, af\u00ebr liqenit t\u00eb Seferanit, n\u00eb Belsh, Elbasan, pas nj\u00eb konflikti p\u00ebr motive t\u00eb dob\u00ebta, ka plagosur me arm\u00eb zjarri pistolet\u00eb, n\u00eb k\u00ebmb\u00eb, shtetasin A. K.<\/p>\n","protected":false},"excerpt":{"rendered":"<p>Nj\u00eb 29-vje\u00e7ar i d\u00ebnuar me 4 vjet e 8 muaj burgim, p\u00ebr plagosjen e nj\u00eb shtetasi, me arm\u00eb zjarri pistolet\u00eb, do t\u00eb ekstradohet nga Mbret\u00ebria e Bashkuar drejt Shqip\u00ebris\u00eb. Shtetasi n\u00eb fjal\u00eb \u00ebsht\u00eb shqiptari Ledio Hysa, 29 vje\u00e7. K\u00ebt\u00eb shtetas, Gjykata e Rrethit Gjyq\u00ebsor Elbasan, n\u00eb vitin 2019, e ka d\u00ebnuar me 4 vjet e [&hellip;]<\/p>\n","protected":false},"author":5,"featured_media":54364,"comment_status":"closed","ping_status":"closed","sticky":false,"template":"","format":"standard","meta":{"footnotes":""},"categories":[1,6332],"tags":[28182,23547],"class_list":{"0":"post-68908","1":"post","2":"type-post","3":"status-publish","4":"format-standard","5":"has-post-thumbnail","7":"category-aktualitet","8":"category-te-fundit","9":"tag-emri-29-vjecari-shqiptar-ekstradohet-nga-anglia","10":"tag-ja-per-cfare-akuzohet"},"_links":{"self":[{"href":"https:\/\/jugulajm.net\/index.php?rest_route=\/wp\/v2\/posts\/68908","targetHints":{"allow":["GET"]}}],"collection":[{"href":"https:\/\/jugulajm.net\/index.php?rest_route=\/wp\/v2\/posts"}],"about":[{"href":"https:\/\/jugulajm.net\/index.php?rest_route=\/wp\/v2\/types\/post"}],"author":[{"embeddable":true,"href":"https:\/\/jugulajm.net\/index.php?rest_route=\/wp\/v2\/users\/5"}],"replies":[{"embeddable":true,"href":"https:\/\/jugulajm.net\/index.php?rest_route=%2Fwp%2Fv2%2Fcomments&post=68908"}],"version-history":[{"count":0,"href":"https:\/\/jugulajm.net\/index.php?rest_route=\/wp\/v2\/posts\/68908\/revisions"}],"wp:featuredmedia":[{"embeddable":true,"href":"https:\/\/jugulajm.net\/index.php?rest_route=\/wp\/v2\/media\/54364"}],"wp:attachment":[{"href":"https:\/\/jugulajm.net\/index.php?rest_route=%2Fwp%2Fv2%2Fmedia&parent=68908"}],"wp:term":[{"taxonomy":"category","embeddable":true,"href":"https:\/\/jugulajm.net\/index.php?rest_route=%2Fwp%2Fv2%2Fcategories&post=68908"},{"taxonomy":"post_tag","embeddable":true,"href":"https:\/\/jugulajm.net\/index.php?rest_route=%2Fwp%2Fv2%2Ftags&post=68908"}],"curies":[{"name":"wp","href":"https:\/\/api.w.org\/{rel}","templated":true}]}}