{"id":68905,"date":"2023-12-11T16:22:42","date_gmt":"2023-12-11T15:22:42","guid":{"rendered":"https:\/\/jugulajm.net\/?p=68905"},"modified":"2023-12-11T16:22:42","modified_gmt":"2023-12-11T15:22:42","slug":"foto-femijet-e-liridones-me-prinderit-e-naimit-ne-rruget-e-kosoves","status":"publish","type":"post","link":"https:\/\/jugulajm.net\/?p=68905","title":{"rendered":"FOTO\/ F\u00ebmij\u00ebt e Liridon\u00ebs me prind\u00ebrit e Naimit n\u00eb rrug\u00ebt e Kosov\u00ebs"},"content":{"rendered":"<p>Kan\u00eb dal\u00eb disa pamje q\u00eb tregojn\u00eb f\u00ebmij\u00ebt e t\u00eb ndier\u00ebs Liridona Ademaj, teksa sh\u00ebtisin n\u00eb rrug\u00ebt e Kosov\u00ebs, t\u00eb shoq\u00ebruar nga prind\u00ebrit e Naim Murselit.<\/p>\n<p>Pamjet jan\u00eb b\u00ebr\u00eb publike nga mediat e Kosov\u00ebs. Kujtojm\u00eb se f\u00ebmij\u00ebt e Liridon\u00ebs do t\u00eb rriten pa n\u00ebn\u00ebn e tyre, pas vrasjes s\u00eb saj nga Granit Plava, i cili dyshohet q\u00eb ta ket\u00eb kryer krimin me porosi t\u00eb bashk\u00ebshorit t\u00eb saj, Naim Murselit.<\/p>\n<p>Ende nuk ka nj\u00eb vendim se kush do t\u00eb kujdeset p\u00ebr f\u00ebmij\u00ebt e t\u00eb ndier\u00ebs Liridona Ademaj, n\u00eb nj\u00eb koh\u00eb q\u00eb familja e Naim Murselit ka pretenduar se i tremben hakmarrjes nga ana e familjes s\u00eb Liridon\u00ebs.<\/p>\n<p>Vrasja e Liridon\u00ebs ka marr\u00eb v\u00ebmendje t\u00eb gjer\u00eb n\u00eb publik, p\u00ebr shkak edhe t\u00eb misterit t\u00eb madh q\u00eb fsheh kjo ngjarje.<\/p>\n","protected":false},"excerpt":{"rendered":"<p>Kan\u00eb dal\u00eb disa pamje q\u00eb tregojn\u00eb f\u00ebmij\u00ebt e t\u00eb ndier\u00ebs Liridona Ademaj, teksa sh\u00ebtisin n\u00eb rrug\u00ebt e Kosov\u00ebs, t\u00eb shoq\u00ebruar nga prind\u00ebrit e Naim Murselit. Pamjet jan\u00eb b\u00ebr\u00eb publike nga mediat e Kosov\u00ebs. Kujtojm\u00eb se f\u00ebmij\u00ebt e Liridon\u00ebs do t\u00eb rriten pa n\u00ebn\u00ebn e tyre, pas vrasjes s\u00eb saj nga Granit Plava, i cili dyshohet [&hellip;]<\/p>\n","protected":false},"author":5,"featured_media":68906,"comment_status":"closed","ping_status":"closed","sticky":false,"template":"","format":"standard","meta":{"footnotes":""},"categories":[1,27451,6332],"tags":[28181],"class_list":{"0":"post-68905","1":"post","2":"type-post","3":"status-publish","4":"format-standard","5":"has-post-thumbnail","7":"category-aktualitet","8":"category-kosova","9":"category-te-fundit","10":"tag-foto-femijet-e-liridones-me-prinderit-e-naimit-ne-rruget-e-kosoves"},"_links":{"self":[{"href":"https:\/\/jugulajm.net\/index.php?rest_route=\/wp\/v2\/posts\/68905","targetHints":{"allow":["GET"]}}],"collection":[{"href":"https:\/\/jugulajm.net\/index.php?rest_route=\/wp\/v2\/posts"}],"about":[{"href":"https:\/\/jugulajm.net\/index.php?rest_route=\/wp\/v2\/types\/post"}],"author":[{"embeddable":true,"href":"https:\/\/jugulajm.net\/index.php?rest_route=\/wp\/v2\/users\/5"}],"replies":[{"embeddable":true,"href":"https:\/\/jugulajm.net\/index.php?rest_route=%2Fwp%2Fv2%2Fcomments&post=68905"}],"version-history":[{"count":0,"href":"https:\/\/jugulajm.net\/index.php?rest_route=\/wp\/v2\/posts\/68905\/revisions"}],"wp:featuredmedia":[{"embeddable":true,"href":"https:\/\/jugulajm.net\/index.php?rest_route=\/wp\/v2\/media\/68906"}],"wp:attachment":[{"href":"https:\/\/jugulajm.net\/index.php?rest_route=%2Fwp%2Fv2%2Fmedia&parent=68905"}],"wp:term":[{"taxonomy":"category","embeddable":true,"href":"https:\/\/jugulajm.net\/index.php?rest_route=%2Fwp%2Fv2%2Fcategories&post=68905"},{"taxonomy":"post_tag","embeddable":true,"href":"https:\/\/jugulajm.net\/index.php?rest_route=%2Fwp%2Fv2%2Ftags&post=68905"}],"curies":[{"name":"wp","href":"https:\/\/api.w.org\/{rel}","templated":true}]}}