{"id":68900,"date":"2023-12-11T13:38:57","date_gmt":"2023-12-11T12:38:57","guid":{"rendered":"https:\/\/jugulajm.net\/?p=68900"},"modified":"2023-12-11T13:38:57","modified_gmt":"2023-12-11T12:38:57","slug":"foto-gjyqi-i-belerit-proteste-para-gjykates-lirojeni-tani-qe-te-betohet","status":"publish","type":"post","link":"https:\/\/jugulajm.net\/?p=68900","title":{"rendered":"FOTO\/ Gjyqi i Belerit, protest\u00eb para gjykat\u00ebs: Lirojeni tani q\u00eb t\u00eb betohet"},"content":{"rendered":"<p>Sot do t\u00eb zhvillohet n\u00eb Gjykat\u00ebn e Posa\u00e7me seanca p\u00ebr Fredi Belerin, ku do t\u00eb vendoset n\u00ebse do t\u00eb lejohet ose jo t\u00eb shkoj\u00eb t\u00eb betohet n\u00eb krye t\u00eb bashkis\u00eb Himar\u00eb.<\/p>\n<p>K\u00ebshtu, n\u00eb dyert e gjykat\u00ebs kan\u00eb shkuar nj\u00eb grup qytetar\u00ebsh, duke protestuar p\u00ebr lirimin e tij.<\/p>\n<p>\u201cNe mendojm\u00eb se kupa \u00ebsht\u00eb mbushur. Betimi i Belerit duhet t\u00eb ndodh patjet\u00ebr.<\/p>\n<p>Nuk mund ta tolerojm\u00eb m\u00eb k\u00ebt\u00eb zvarritje ku seancat shtyhen n\u00eb \u00e7do rast, ku organet pasojn\u00eb nj\u00eb lloj ping pongu dhe patjet\u00ebr q\u00eb Beleri \u00ebsht\u00eb votuar p\u00ebr t\u00eb drejtuar Bashkin\u00eb\u201d tha z\u00ebdh\u00ebn\u00ebsi i fushat\u00ebs s\u00eb Fredi Belerit, Skerdjan Dhuli.<\/p>\n","protected":false},"excerpt":{"rendered":"<p>Sot do t\u00eb zhvillohet n\u00eb Gjykat\u00ebn e Posa\u00e7me seanca p\u00ebr Fredi Belerin, ku do t\u00eb vendoset n\u00ebse do t\u00eb lejohet ose jo t\u00eb shkoj\u00eb t\u00eb betohet n\u00eb krye t\u00eb bashkis\u00eb Himar\u00eb. K\u00ebshtu, n\u00eb dyert e gjykat\u00ebs kan\u00eb shkuar nj\u00eb grup qytetar\u00ebsh, duke protestuar p\u00ebr lirimin e tij. \u201cNe mendojm\u00eb se kupa \u00ebsht\u00eb mbushur. Betimi i [&hellip;]<\/p>\n","protected":false},"author":5,"featured_media":68901,"comment_status":"closed","ping_status":"closed","sticky":false,"template":"","format":"standard","meta":{"footnotes":""},"categories":[1,6326,6332],"tags":[28178,28179],"class_list":{"0":"post-68900","1":"post","2":"type-post","3":"status-publish","4":"format-standard","5":"has-post-thumbnail","7":"category-aktualitet","8":"category-politike","9":"category-te-fundit","10":"tag-foto-gjyqi-i-belerit","11":"tag-proteste-para-gjykates-lirojeni-tani-qe-te-betohet"},"_links":{"self":[{"href":"https:\/\/jugulajm.net\/index.php?rest_route=\/wp\/v2\/posts\/68900","targetHints":{"allow":["GET"]}}],"collection":[{"href":"https:\/\/jugulajm.net\/index.php?rest_route=\/wp\/v2\/posts"}],"about":[{"href":"https:\/\/jugulajm.net\/index.php?rest_route=\/wp\/v2\/types\/post"}],"author":[{"embeddable":true,"href":"https:\/\/jugulajm.net\/index.php?rest_route=\/wp\/v2\/users\/5"}],"replies":[{"embeddable":true,"href":"https:\/\/jugulajm.net\/index.php?rest_route=%2Fwp%2Fv2%2Fcomments&post=68900"}],"version-history":[{"count":0,"href":"https:\/\/jugulajm.net\/index.php?rest_route=\/wp\/v2\/posts\/68900\/revisions"}],"wp:featuredmedia":[{"embeddable":true,"href":"https:\/\/jugulajm.net\/index.php?rest_route=\/wp\/v2\/media\/68901"}],"wp:attachment":[{"href":"https:\/\/jugulajm.net\/index.php?rest_route=%2Fwp%2Fv2%2Fmedia&parent=68900"}],"wp:term":[{"taxonomy":"category","embeddable":true,"href":"https:\/\/jugulajm.net\/index.php?rest_route=%2Fwp%2Fv2%2Fcategories&post=68900"},{"taxonomy":"post_tag","embeddable":true,"href":"https:\/\/jugulajm.net\/index.php?rest_route=%2Fwp%2Fv2%2Ftags&post=68900"}],"curies":[{"name":"wp","href":"https:\/\/api.w.org\/{rel}","templated":true}]}}