{"id":68883,"date":"2023-12-10T20:34:09","date_gmt":"2023-12-10T19:34:09","guid":{"rendered":"https:\/\/jugulajm.net\/?p=68883"},"modified":"2023-12-10T20:34:09","modified_gmt":"2023-12-10T19:34:09","slug":"video-iken-ulliri-italia-po-na-le-pa-vaj","status":"publish","type":"post","link":"https:\/\/jugulajm.net\/?p=68883","title":{"rendered":"VIDEO\/ &#8220;ik\u00ebn&#8221; ulliri, Italia po na l\u00eb pa vaj"},"content":{"rendered":"<p>N\u00eb emisionin Money n\u00eb Euronews Albania u analizua prodhimi i ullirit n\u00eb Shqip\u00ebri.<\/p>\n<p>Tregu i eksportit t\u00eb vajit t\u00eb ullirit u hap n\u00eb vitin 2003 nga nj\u00eb program zviceran q\u00eb filloi t\u00eb mb\u00ebshtes\u00eb dhe nxit\u00eb kompanit\u00eb vendase. Gradualisht k\u00ebto t\u00eb fundit, jan\u00eb futur n\u00eb k\u00ebt\u00eb treg, dhe kan\u00eb shitur mesatarisht \u00e7do vit rreth 100 ton\u00eb vaj, n\u00eb vende si, Maqedonia e Veriut, Kosova, Kenia, Britania e Madhe, Shtetet e Bashkuara, Arabia Saudite Zvicra e Belgjika.<\/p>\n<p>Por, viti 2023, solli nj\u00eb kthes\u00eb t\u00eb madhe p\u00ebr tregun ton\u00eb, i cili arriti t\u00eb shes\u00eb mbi 6000 litra, kryesisht n\u00eb Itali e Greqi.<\/p>\n<p>Prodhuesi i vajit t\u00eb ullirit Tauland Shehu tha se \u00e7mimin jan\u00eb aktualisht t\u00eb k\u00ebnaqur, por prodhimi \u00ebsht\u00eb i pamjaftuesh\u00ebm.<\/p>\n<p>\u201cKan\u00eb goxha fitime, sidomos k\u00ebt\u00eb vit me \u00e7mimin q\u00eb po tregtohet. Vitet e kaluara jan\u00eb ankuar p\u00ebr shkak t\u00eb tregut. Nuk ka pasur treg p\u00ebr p\u00ebr t\u2019u eksportuar. K\u00ebt\u00eb vit, po shkon i gjithi n\u00eb Itali, vet\u00ebm se nuk ka prodhim t\u00eb mjaftuesh\u00ebm p\u00ebr t\u00eb qen\u00eb t\u00eb k\u00ebnaqur, por me zinxhirin e tregut sot p\u00ebr sot, e ka t\u00eb garantuar cdo fermer\u201d, tha ai.<\/p>\n<p>Sakaq eksperti i bujq\u00ebsis\u00eb Ilir Pilku tha se vlerat e fitimeve nga vaji i ulliri do t\u00eb ishin m\u00eb larta n\u00ebse do t\u00eb ishte b\u00ebr\u00eb marketing m\u00eb i mir\u00eb.<\/p>\n<p>\u201cNuk mund t\u00eb themi q\u00eb vitin e kaluar kemi p\u00ebrfituar nga eksportet tona, pavar\u00ebsisht se kan\u00eb pasur nj\u00eb volum t\u00eb lart\u00eb. Rreth 7000 ton\u00eb \u00ebsht\u00eb eksportuar dhe kemi gjeneruar 30 milion\u00eb euro, nd\u00ebrkoh\u00eb q\u00eb do t\u00eb kishim p\u00ebrfituar dyfishin e k\u00ebsaj vlere n\u00ebse do ta kishim marketuar mir\u00eb\u201d, tha ai.<\/p>\n<div class=\"td_block_wrap tdb_single_featured_image tdi_191_89a tdb-content-horiz-right td-pb-border-top td_block_template_1\" data-td-block-uid=\"tdi_191_89a\">\n<div class=\"tdb-block-inner td-fix-index\">\n<div class=\"wpb_video_wrapper\"><iframe loading=\"lazy\" id=\"widget2\" class=\"td-youtube-player\" title=\"&quot;Emigron&quot; ulliri, Italia po na l\u00eb\u00a0pa vaj |Money\" src=\"https:\/\/www.youtube.com\/embed\/qNNOx8RDm_Y?enablejsapi=1&amp;feature=oembed&amp;wmode=opaque&amp;vq=hd720&amp;&amp;&amp;\" width=\"100%\" height=\"560\" frameborder=\"0\" allowfullscreen=\"allowfullscreen\" data-gtm-yt-inspected-15=\"true\" data-gtm-yt-inspected-7=\"true\" data-mce-fragment=\"1\"><\/iframe><\/div>\n<\/div>\n<\/div>\n","protected":false},"excerpt":{"rendered":"<p>N\u00eb emisionin Money n\u00eb Euronews Albania u analizua prodhimi i ullirit n\u00eb Shqip\u00ebri. Tregu i eksportit t\u00eb vajit t\u00eb ullirit u hap n\u00eb vitin 2003 nga nj\u00eb program zviceran q\u00eb filloi t\u00eb mb\u00ebshtes\u00eb dhe nxit\u00eb kompanit\u00eb vendase. Gradualisht k\u00ebto t\u00eb fundit, jan\u00eb futur n\u00eb k\u00ebt\u00eb treg, dhe kan\u00eb shitur mesatarisht \u00e7do vit rreth 100 ton\u00eb [&hellip;]<\/p>\n","protected":false},"author":5,"featured_media":68884,"comment_status":"closed","ping_status":"closed","sticky":false,"template":"","format":"standard","meta":{"footnotes":""},"categories":[6327,6332],"tags":[28170,28169],"class_list":{"0":"post-68883","1":"post","2":"type-post","3":"status-publish","4":"format-standard","5":"has-post-thumbnail","7":"category-ekonomi","8":"category-te-fundit","9":"tag-italia-po-na-le-pa-vaj","10":"tag-video-iken-ulliri"},"_links":{"self":[{"href":"https:\/\/jugulajm.net\/index.php?rest_route=\/wp\/v2\/posts\/68883","targetHints":{"allow":["GET"]}}],"collection":[{"href":"https:\/\/jugulajm.net\/index.php?rest_route=\/wp\/v2\/posts"}],"about":[{"href":"https:\/\/jugulajm.net\/index.php?rest_route=\/wp\/v2\/types\/post"}],"author":[{"embeddable":true,"href":"https:\/\/jugulajm.net\/index.php?rest_route=\/wp\/v2\/users\/5"}],"replies":[{"embeddable":true,"href":"https:\/\/jugulajm.net\/index.php?rest_route=%2Fwp%2Fv2%2Fcomments&post=68883"}],"version-history":[{"count":0,"href":"https:\/\/jugulajm.net\/index.php?rest_route=\/wp\/v2\/posts\/68883\/revisions"}],"wp:featuredmedia":[{"embeddable":true,"href":"https:\/\/jugulajm.net\/index.php?rest_route=\/wp\/v2\/media\/68884"}],"wp:attachment":[{"href":"https:\/\/jugulajm.net\/index.php?rest_route=%2Fwp%2Fv2%2Fmedia&parent=68883"}],"wp:term":[{"taxonomy":"category","embeddable":true,"href":"https:\/\/jugulajm.net\/index.php?rest_route=%2Fwp%2Fv2%2Fcategories&post=68883"},{"taxonomy":"post_tag","embeddable":true,"href":"https:\/\/jugulajm.net\/index.php?rest_route=%2Fwp%2Fv2%2Ftags&post=68883"}],"curies":[{"name":"wp","href":"https:\/\/api.w.org\/{rel}","templated":true}]}}