{"id":68873,"date":"2023-12-10T15:41:20","date_gmt":"2023-12-10T14:41:20","guid":{"rendered":"https:\/\/jugulajm.net\/?p=68873"},"modified":"2023-12-10T15:41:20","modified_gmt":"2023-12-10T14:41:20","slug":"2-femijet-e-liridones-shkojne-ne-suedi-ja-arsyeja","status":"publish","type":"post","link":"https:\/\/jugulajm.net\/?p=68873","title":{"rendered":"2 f\u00ebmij\u00ebt e Liridon\u00ebs shkojn\u00eb n\u00eb Suedi, ja arsyeja&#8230;"},"content":{"rendered":"<p class=\"p1\"><span class=\"s1\">Dy f\u00ebmij\u00ebt e Liridona Ademajt, 30-vje\u00e7ares q\u00eb u vra pak jav\u00eb m\u00eb par\u00eb, jan\u00eb d\u00ebrguar n\u00eb Suedi.<\/span><\/p>\n<p class=\"p3\"><span class=\"s3\">Dy djemt\u00eb t\u00eb mosh\u00ebs 4 dhe 6 vje\u00e7, jan\u00eb marr\u00eb nga shteti suedez pasi ata kan\u00eb n\u00ebnshtet\u00ebsi suedeze, ashtu si mamaja e tyre e ndjer\u00eb.<\/span><\/p>\n<p class=\"p3\"><span class=\"s3\">F\u00ebmij\u00ebt kan\u00eb qen\u00eb n\u00eb makin\u00eb me dy prind\u00ebrit nat\u00ebn kur ndodhi ngjarja e r\u00ebnd\u00eb. <\/span><\/p>\n<p class=\"p3\"><span class=\"s3\">Sapo Granit Plava ka nxjerr\u00eb arm\u00ebn n\u00eb drejtim t\u00eb tyre, Naim Murseli ka marr\u00eb f\u00ebmij\u00ebt dhe \u00ebsht\u00eb larguar duke l\u00ebn\u00eb bashk\u00ebshorten n\u00eb dor\u00eb t\u00eb ekzekutorit.<\/span><\/p>\n<p class=\"p3\"><span class=\"s3\">T\u00eb shtun\u00ebn n\u00eb mbr\u00ebmje, policia e Kosov\u00ebs arrestoi edhe nj\u00eb person t\u00eb kat\u00ebrt p\u00ebr ngjarjen e r\u00ebnd\u00eb. <\/span><\/p>\n<p class=\"p3\"><span class=\"s3\">Ai akuzohet se i ka siguruar arm\u00ebn autorit.<\/span><\/p>\n","protected":false},"excerpt":{"rendered":"<p>Dy f\u00ebmij\u00ebt e Liridona Ademajt, 30-vje\u00e7ares q\u00eb u vra pak jav\u00eb m\u00eb par\u00eb, jan\u00eb d\u00ebrguar n\u00eb Suedi. Dy djemt\u00eb t\u00eb mosh\u00ebs 4 dhe 6 vje\u00e7, jan\u00eb marr\u00eb nga shteti suedez pasi ata kan\u00eb n\u00ebnshtet\u00ebsi suedeze, ashtu si mamaja e tyre e ndjer\u00eb. F\u00ebmij\u00ebt kan\u00eb qen\u00eb n\u00eb makin\u00eb me dy prind\u00ebrit nat\u00ebn kur ndodhi ngjarja e [&hellip;]<\/p>\n","protected":false},"author":5,"featured_media":68874,"comment_status":"closed","ping_status":"closed","sticky":false,"template":"","format":"standard","meta":{"footnotes":""},"categories":[1,27451,6332],"tags":[28163,20856],"class_list":{"0":"post-68873","1":"post","2":"type-post","3":"status-publish","4":"format-standard","5":"has-post-thumbnail","7":"category-aktualitet","8":"category-kosova","9":"category-te-fundit","10":"tag-2-femijet-e-liridones-shkojne-ne-suedi","11":"tag-ja-arsyeja"},"_links":{"self":[{"href":"https:\/\/jugulajm.net\/index.php?rest_route=\/wp\/v2\/posts\/68873","targetHints":{"allow":["GET"]}}],"collection":[{"href":"https:\/\/jugulajm.net\/index.php?rest_route=\/wp\/v2\/posts"}],"about":[{"href":"https:\/\/jugulajm.net\/index.php?rest_route=\/wp\/v2\/types\/post"}],"author":[{"embeddable":true,"href":"https:\/\/jugulajm.net\/index.php?rest_route=\/wp\/v2\/users\/5"}],"replies":[{"embeddable":true,"href":"https:\/\/jugulajm.net\/index.php?rest_route=%2Fwp%2Fv2%2Fcomments&post=68873"}],"version-history":[{"count":0,"href":"https:\/\/jugulajm.net\/index.php?rest_route=\/wp\/v2\/posts\/68873\/revisions"}],"wp:featuredmedia":[{"embeddable":true,"href":"https:\/\/jugulajm.net\/index.php?rest_route=\/wp\/v2\/media\/68874"}],"wp:attachment":[{"href":"https:\/\/jugulajm.net\/index.php?rest_route=%2Fwp%2Fv2%2Fmedia&parent=68873"}],"wp:term":[{"taxonomy":"category","embeddable":true,"href":"https:\/\/jugulajm.net\/index.php?rest_route=%2Fwp%2Fv2%2Fcategories&post=68873"},{"taxonomy":"post_tag","embeddable":true,"href":"https:\/\/jugulajm.net\/index.php?rest_route=%2Fwp%2Fv2%2Ftags&post=68873"}],"curies":[{"name":"wp","href":"https:\/\/api.w.org\/{rel}","templated":true}]}}