{"id":68863,"date":"2023-12-10T11:13:47","date_gmt":"2023-12-10T10:13:47","guid":{"rendered":"https:\/\/jugulajm.net\/?p=68863"},"modified":"2023-12-10T11:13:47","modified_gmt":"2023-12-10T10:13:47","slug":"emri-prangoset-38-vjecari-ishte-ne-kerkim-nderkombetar","status":"publish","type":"post","link":"https:\/\/jugulajm.net\/?p=68863","title":{"rendered":"EMRI\/ Prangoset 38-vje\u00e7ari, ishte n\u00eb k\u00ebrkim nd\u00ebrkomb\u00ebtar"},"content":{"rendered":"<div class=\"td_block_wrap tdb_single_categories tdi_86 td-pb-border-top td_block_template_1 \" data-td-block-uid=\"tdi_86\">\n<div class=\"tdb-category td-fix-index\">Policia e Durr\u00ebsit ka arrestuar 38-vje\u00e7arin Adem Dervishi, i cili rezulton t\u00eb ishte n\u00eb k\u00ebrkim nd\u00ebrkomb\u00ebtar.<\/div>\n<div><\/div>\n<\/div>\n<div class=\"vc_row_inner tdi_102  vc_row vc_inner wpb_row td-pb-row\">\n<div class=\"vc_column_inner tdi_108  wpb_column vc_column_container tdc-inner-column td-pb-span8\">\n<div class=\"vc_column-inner\">\n<div class=\"wpb_wrapper\">\n<div class=\"td_block_wrap tdb_single_content tdi_109 td-pb-border-top td_block_template_1 td-post-content tagdiv-type\" data-td-block-uid=\"tdi_109\">\n<div class=\"tdb-block-inner td-fix-index\">\n<p>Ai kishte tentuar t\u2019iu ikte forcave operacionale, dhe sh\u00ebrbimeve t\u00eb Komisariati Durr\u00ebs, duke u larguar me shpejt\u00ebsi, por pas disa minutash ndjekjeje dhe kontrolli t\u00eb territorit 38-vje\u00e7ari ra n\u00eb pranga.<\/p>\n<p>Sipas policis\u00eb, 38-vje\u00e7ari \u00ebsht\u00eb shpallur n\u00eb k\u00ebrkim nd\u00ebrkomb\u00ebtar nga autoritetet e drejt\u00ebsis\u00eb italiane, p\u00ebr veprat penale \u201cOrganizata kriminale\u201d dhe \u201cTrafikimi i l\u00ebnd\u00ebve narkotike\u201d.<\/p>\n<p>Interpol Tirana, n\u00eb bashk\u00ebpunim me Interpol Rom\u00ebn dhe agjencit\u00eb ligjzbatuese kan\u00eb nisur pun\u00ebn p\u00ebr ekstradimin e shtetasit e tij drejt Italis\u00eb.<\/p>\n<\/div>\n<\/div>\n<\/div>\n<\/div>\n<\/div>\n<\/div>\n","protected":false},"excerpt":{"rendered":"<p>Policia e Durr\u00ebsit ka arrestuar 38-vje\u00e7arin Adem Dervishi, i cili rezulton t\u00eb ishte n\u00eb k\u00ebrkim nd\u00ebrkomb\u00ebtar. Ai kishte tentuar t\u2019iu ikte forcave operacionale, dhe sh\u00ebrbimeve t\u00eb Komisariati Durr\u00ebs, duke u larguar me shpejt\u00ebsi, por pas disa minutash ndjekjeje dhe kontrolli t\u00eb territorit 38-vje\u00e7ari ra n\u00eb pranga. Sipas policis\u00eb, 38-vje\u00e7ari \u00ebsht\u00eb shpallur n\u00eb k\u00ebrkim nd\u00ebrkomb\u00ebtar nga [&hellip;]<\/p>\n","protected":false},"author":5,"featured_media":56323,"comment_status":"closed","ping_status":"closed","sticky":false,"template":"","format":"standard","meta":{"footnotes":""},"categories":[1,6332],"tags":[24039,20535],"class_list":{"0":"post-68863","1":"post","2":"type-post","3":"status-publish","4":"format-standard","5":"has-post-thumbnail","7":"category-aktualitet","8":"category-te-fundit","9":"tag-emri-prangoset-38-vjecari","10":"tag-ishte-ne-kerkim-nderkombetar"},"_links":{"self":[{"href":"https:\/\/jugulajm.net\/index.php?rest_route=\/wp\/v2\/posts\/68863","targetHints":{"allow":["GET"]}}],"collection":[{"href":"https:\/\/jugulajm.net\/index.php?rest_route=\/wp\/v2\/posts"}],"about":[{"href":"https:\/\/jugulajm.net\/index.php?rest_route=\/wp\/v2\/types\/post"}],"author":[{"embeddable":true,"href":"https:\/\/jugulajm.net\/index.php?rest_route=\/wp\/v2\/users\/5"}],"replies":[{"embeddable":true,"href":"https:\/\/jugulajm.net\/index.php?rest_route=%2Fwp%2Fv2%2Fcomments&post=68863"}],"version-history":[{"count":0,"href":"https:\/\/jugulajm.net\/index.php?rest_route=\/wp\/v2\/posts\/68863\/revisions"}],"wp:featuredmedia":[{"embeddable":true,"href":"https:\/\/jugulajm.net\/index.php?rest_route=\/wp\/v2\/media\/56323"}],"wp:attachment":[{"href":"https:\/\/jugulajm.net\/index.php?rest_route=%2Fwp%2Fv2%2Fmedia&parent=68863"}],"wp:term":[{"taxonomy":"category","embeddable":true,"href":"https:\/\/jugulajm.net\/index.php?rest_route=%2Fwp%2Fv2%2Fcategories&post=68863"},{"taxonomy":"post_tag","embeddable":true,"href":"https:\/\/jugulajm.net\/index.php?rest_route=%2Fwp%2Fv2%2Ftags&post=68863"}],"curies":[{"name":"wp","href":"https:\/\/api.w.org\/{rel}","templated":true}]}}