{"id":68851,"date":"2023-12-09T22:59:48","date_gmt":"2023-12-09T21:59:48","guid":{"rendered":"https:\/\/jugulajm.net\/?p=68851"},"modified":"2023-12-09T22:59:48","modified_gmt":"2023-12-09T21:59:48","slug":"emri-foto-boksieri-shqiptar-braktis-angline-dhe-perfaqeson-shqiperine","status":"publish","type":"post","link":"https:\/\/jugulajm.net\/?p=68851","title":{"rendered":"EMRI-FOTO\/ Boksieri shqiptar braktis Anglin\u00eb dhe p\u00ebrfaq\u00ebson Shqip\u00ebrin\u00eb"},"content":{"rendered":"<p>Boksieri shqiptar, Adam Maca ishte nj\u00eb nga yjet m\u00eb t\u00eb ndritur evropian\u00eb n\u00eb dy kampionatet e fundit t\u00eb EUBC Junior.<\/p>\n<div class=\"insertion-box\">\n<div class=\"\">\n<div id=\"t6574e1a66a22d\" data-p=\"100\">\n<div class=\"medianative\" data-reklama=\"Neptun Alfapress\"><\/div>\n<\/div>\n<\/div>\n<\/div>\n<p>Boksieri i ri p\u00ebrfaq\u00ebsoi Anglin\u00eb dhe fitoi dy her\u00eb medaljen e art\u00eb evropiane. Maca synonte gjithashtu t\u00eb fitonte titullin e kampionit t\u00eb bot\u00ebs, por situata ka ndryshuar q\u00eb at\u00ebher\u00eb dhe Anglia u largua nga IBA p\u00ebr t\u2019iu bashkuar \u201cWorld Boxing\u201d.<\/p>\n<p>Megjithat\u00eb, gatishm\u00ebria e Maca p\u00ebr t\u00eb marr\u00eb pjes\u00eb n\u00eb Kampionatin Bot\u00ebror t\u00eb Junior\u00ebve IBA n\u00eb Jerevan ishte aq e madhe sa zgjidhja u gjet.<\/p>\n<p>Federata Shqiptare e Boksit u shpreh e lumtur p\u00ebr zgjedhjen e sportistit p\u00ebr t\u00eb ndryshuar komb\u00ebsin\u00eb dhe p\u00ebr t\u00eb luftuar p\u00ebr atdheun e tij, Shqip\u00ebrin\u00eb.<\/p>\n<p>Maca filloi t\u00eb p\u00ebrfaq\u00ebsonte Shqip\u00ebrin\u00eb dhe erdhi n\u00eb kryeqytetin e Armenis\u00eb p\u00ebr q\u00ebllimin e tij.<\/p>\n<p>\u201cKam kaluar nj\u00eb koh\u00eb shum\u00eb t\u00eb mir\u00eb duke p\u00ebrfaq\u00ebsuar Anglin\u00eb, jam i k\u00ebnaqur me mund\u00ebsit\u00eb q\u00eb pata atje. Tani po luftoj p\u00ebr Shqip\u00ebrin\u00eb dhe jam i lumtur q\u00eb p\u00ebrfaq\u00ebsoj atdheun tim historik\u201d, tha boksieri Maca.<\/p>\n<p>\u201cUn\u00eb dua vet\u00ebm t\u00eb luftoj, t\u00eb mos p\u00ebrfshihem n\u00eb politik\u00eb. Un\u00eb jam k\u00ebtu p\u00ebr boks dhe \u00ebsht\u00eb nj\u00eb mund\u00ebsi e madhe p\u00ebr mua, t\u00eb cil\u00ebn nuk mund ta humbas\u201d, theksoi ai p\u00ebr \u201cInsidethegames\u201d.<\/p>\n<p>Ylli shqiptar n\u00eb ngritje i boksit b\u00ebri nj\u00eb rrug\u00ebtim mbres\u00ebl\u00ebn\u00ebs n\u00eb Jerevan, duke mposhtur me shum\u00eb besim rival\u00ebt e fort\u00eb nga Uzbekistani, Bjellorusia dhe Afganistani. Megjithat\u00eb, ishte Platon Kozlov nga Rusia q\u00eb mori medaljen e art\u00eb n\u00eb pesh\u00ebn 57 kg p\u00ebr meshkuj, duke mundur n\u00eb finale Mac\u00ebn me vendim unanim.<\/p>\n<p>\u201cJam i k\u00ebnaqur me m\u00ebnyr\u00ebn se si shkoi turneu. Kam pasur kat\u00ebr ndeshje dhe kam dal\u00eb me medaljen e argjendt\u00eb p\u00ebr vendin tim. Kam humbur n\u00eb finale n\u00eb nj\u00eb me\u00e7 t\u00eb ngusht\u00eb 50\/50. Jam i k\u00ebnaqur me paraqitjen time dhe do t\u00eb rikthehem vitin e ardhsh\u00ebm p\u00ebr medaljen e art\u00eb\u201d, shtoi ai.<\/p>\n<p>Edhe pse medalja e art\u00eb ishte synimi i tij kryesor, Maca nuk \u00ebsht\u00eb i zhg\u00ebnjyer me at\u00eb t\u00eb argjendt\u00eb.<\/p>\n<p>\u201cDo t\u00eb doja t\u00eb kisha m\u00eb shum\u00eb, por jam i k\u00ebnaqur edhe me medaljen e argjendt\u00eb. Un\u00eb do t\u00eb p\u00ebrpiqem p\u00ebr m\u00eb shum\u00eb n\u00eb t\u00eb ardhmen\u201d, tha Adami.<\/p>\n<p>Dhe sportisti shqiptar t\u00eb ardhmen e sheh n\u00ebn IBA.<\/p>\n<p>\u201cPatjet\u00ebr q\u00eb IBA \u00ebsht\u00eb organizata n\u00eb t\u00eb cil\u00ebn dua t\u00eb luftoj. Kampionati Bot\u00ebror \u00ebsht\u00eb nj\u00eb mund\u00ebsi e madhe, t\u00eb cil\u00ebn nuk mund ta humbisja sidomos pas dy titujve evropian\u00eb\u201d, p\u00ebrfundoi Maca.<\/p>\n","protected":false},"excerpt":{"rendered":"<p>Boksieri shqiptar, Adam Maca ishte nj\u00eb nga yjet m\u00eb t\u00eb ndritur evropian\u00eb n\u00eb dy kampionatet e fundit t\u00eb EUBC Junior. Boksieri i ri p\u00ebrfaq\u00ebsoi Anglin\u00eb dhe fitoi dy her\u00eb medaljen e art\u00eb evropiane. Maca synonte gjithashtu t\u00eb fitonte titullin e kampionit t\u00eb bot\u00ebs, por situata ka ndryshuar q\u00eb at\u00ebher\u00eb dhe Anglia u largua nga IBA [&hellip;]<\/p>\n","protected":false},"author":5,"featured_media":68852,"comment_status":"closed","ping_status":"closed","sticky":false,"template":"","format":"standard","meta":{"footnotes":""},"categories":[6334,6332],"tags":[28153],"class_list":{"0":"post-68851","1":"post","2":"type-post","3":"status-publish","4":"format-standard","5":"has-post-thumbnail","7":"category-sport","8":"category-te-fundit","9":"tag-emri-foto-boksieri-shqiptar-braktis-angline-dhe-perfaqeson-shqiperine"},"_links":{"self":[{"href":"https:\/\/jugulajm.net\/index.php?rest_route=\/wp\/v2\/posts\/68851","targetHints":{"allow":["GET"]}}],"collection":[{"href":"https:\/\/jugulajm.net\/index.php?rest_route=\/wp\/v2\/posts"}],"about":[{"href":"https:\/\/jugulajm.net\/index.php?rest_route=\/wp\/v2\/types\/post"}],"author":[{"embeddable":true,"href":"https:\/\/jugulajm.net\/index.php?rest_route=\/wp\/v2\/users\/5"}],"replies":[{"embeddable":true,"href":"https:\/\/jugulajm.net\/index.php?rest_route=%2Fwp%2Fv2%2Fcomments&post=68851"}],"version-history":[{"count":0,"href":"https:\/\/jugulajm.net\/index.php?rest_route=\/wp\/v2\/posts\/68851\/revisions"}],"wp:featuredmedia":[{"embeddable":true,"href":"https:\/\/jugulajm.net\/index.php?rest_route=\/wp\/v2\/media\/68852"}],"wp:attachment":[{"href":"https:\/\/jugulajm.net\/index.php?rest_route=%2Fwp%2Fv2%2Fmedia&parent=68851"}],"wp:term":[{"taxonomy":"category","embeddable":true,"href":"https:\/\/jugulajm.net\/index.php?rest_route=%2Fwp%2Fv2%2Fcategories&post=68851"},{"taxonomy":"post_tag","embeddable":true,"href":"https:\/\/jugulajm.net\/index.php?rest_route=%2Fwp%2Fv2%2Ftags&post=68851"}],"curies":[{"name":"wp","href":"https:\/\/api.w.org\/{rel}","templated":true}]}}