{"id":68844,"date":"2023-12-09T21:53:45","date_gmt":"2023-12-09T20:53:45","guid":{"rendered":"https:\/\/jugulajm.net\/?p=68844"},"modified":"2023-12-09T21:53:45","modified_gmt":"2023-12-09T20:53:45","slug":"video-publikohen-pamjet-e-liridones-naimit-dhe-autorit-para-vrasjes","status":"publish","type":"post","link":"https:\/\/jugulajm.net\/?p=68844","title":{"rendered":"VIDEO\/ Publikohen pamjet e Liridon\u00ebs, Naimit dhe autorit para vrasjes"},"content":{"rendered":"<p>Or\u00ebt e fundit t\u00eb jet\u00ebs s\u00eb saj, 30-vje\u00e7arja Liridona Ademaj, i kaloi n\u00eb shoq\u00ebrin\u00eb e bashk\u00ebshortit t\u00eb saj, Naim Murseli dhe dy f\u00ebmij\u00ebve t\u00eb tyre, 4 dhe 6-vje\u00e7.<\/p>\n<p>E ndjera nuk e kishte iden\u00eb se darka n\u00eb nj\u00eb prej restoranteve t\u00eb Gra\u00e7anic\u00ebs, do t\u00eb ishte e fundit p\u00ebr t\u00eb.<\/p>\n<p>Pak or\u00eb m\u00eb von\u00eb, ajo u vra me arm\u00eb zjarri nga Granit Plava, tashm\u00eb i arrestuari nga Policia.<\/p>\n<p>Ky i fundit, dyshohet se arm\u00ebn drejt Liridon\u00ebs e shkrepi me porosi t\u00eb Naimit, i cili dyshohet se pagoi 30 mij\u00eb euro p\u00ebr ta privuar nga jeta bashk\u00ebshorten.<\/p>\n<p>Gazeta Sinjali ka publikuar pamje nga nata kritike n\u00eb restorantin ku po darkonin familja Murseli.<\/p>\n<p>Si\u00e7 shihet dhe n\u00eb videon e m\u00ebposhtme, ata hyjn\u00eb brenda restorantit dhe ulen p\u00ebr t\u00eb vazhduar m\u00eb tej me dark\u00ebn.<\/p>\n<p><iframe loading=\"lazy\" src=\"https:\/\/www.facebook.com\/plugins\/video.php?height=476&amp;href=https%3A%2F%2Fwww.facebook.com%2Fsinjali.video%2Fvideos%2F3513210098945474%2F&amp;show_text=false&amp;width=476&amp;t=0\" width=\"476\" height=\"476\" frameborder=\"0\" scrolling=\"no\" allowfullscreen=\"allowfullscreen\" data-mce-fragment=\"1\"><\/iframe><\/p>\n<p>I pranish\u00ebm n\u00eb t\u00eb nj\u00ebjt\u00ebn koh\u00eb dhe n\u00eb t\u00eb nj\u00ebjtin restorant, ka qen\u00eb edhe autori i dyshuari, Granit Plava, teksa Gazeta Sinjali ka publikuar me video momentin kur ai futet n\u00eb restorant.<\/p>\n<p><iframe loading=\"lazy\" src=\"https:\/\/www.facebook.com\/plugins\/video.php?height=476&amp;href=https%3A%2F%2Fwww.facebook.com%2Fsinjali.video%2Fvideos%2F345948198045648%2F&amp;show_text=false&amp;width=476&amp;t=0\" width=\"476\" height=\"476\" frameborder=\"0\" scrolling=\"no\" allowfullscreen=\"allowfullscreen\" data-mce-fragment=\"1\"><\/iframe><\/p>\n<p>Pas p\u00ebrfundimit t\u00eb dark\u00ebs, Naimi bashk\u00eb me Liridon\u00ebn dhe f\u00ebmij\u00ebt jan\u00eb nisur me makin\u00ebn e tyre, deri kur arrit\u00ebn n\u00eb rrug\u00ebn \u201cDalip Alshi\u00e7i\u201d e ku u doli n\u00eb prit\u00eb, si\u00e7 kishin p\u00ebrgatitur skenarin, Granit Plava, gjoja p\u00ebr t\u2019i grabitur, nd\u00ebrkoh\u00eb q\u00eb e q\u00eblloi nga af\u00ebr Liridon\u00ebn me plumb n\u00eb qaf\u00eb.<\/p>\n<p>Ngjarja u regjistruar t\u00eb m\u00ebrkur\u00ebn e 29 n\u00ebntorit n\u00eb Sinidoll t\u00eb Prishtin\u00ebs.<\/p>\n<p>Granit Plava, i cili \u00ebsht\u00eb arrestuar si ekzekutuesi i krimit ka deklaruar se ka marr\u00eb nga porosit\u00ebsi 15 mij\u00eb euro, nd\u00ebrsa i \u00ebsht\u00eb premtuar se do t\u00eb merr edhe 15 mij\u00eb euro t\u00eb tjera.<\/p>\n<p>P\u00ebr k\u00ebt\u00eb krim \u00ebsht\u00eb arrestuar edhe nipi i Naim Murselit, Kushtrim Kokalla. Ai \u00ebsht\u00eb edhe an\u00ebtar i FSK-s\u00eb.<\/p>\n<p>Sipas njoftimit t\u00eb Gjykat\u00ebs Themelore t\u00eb Prishtin\u00ebs, Murseli akuzohet p\u00ebr vepr\u00ebn penale \u201cVrasje e r\u00ebnd\u00eb n\u00eb bashk\u00ebkryerje\u201d, Plava p\u00ebr vepr\u00ebn penale \u201cVrasje e r\u00ebnd\u00eb\u201d dhe \u201cMbajtja n\u00eb pron\u00ebsi, kontroll ose posedim t\u00eb paautorizuar t\u00eb arm\u00ebve\u201d, nd\u00ebrsa Kokalla akuzohet p\u00ebr vepr\u00ebn penale \u201cMarr\u00ebveshja p\u00ebr t\u00eb kryer vepr\u00ebn penale Vrasje e r\u00ebnd\u00eb.\u201d.<\/p>\n<p>Gjykata Themelore n\u00eb Prishtin\u00eb i ka caktuar nga nj\u00eb muaj paraburgim Naim Murselit, Granit Plav\u00ebs dhe Kushtrim Kokall\u00ebs p\u00ebr vrasjen e Liridona Ademajt.<\/p>\n<p>Arsyet pse Naim Murseli organizoi vrasjen e bashk\u00ebshortes s\u00eb tij, duke e inskenuar si grabitje, mbeten ende mister, teksa Prokuroria po vijon hetimet.<\/p>\n<p>Dit\u00ebn e sotme u arrestua dhe nj\u00eb person i kat\u00ebrt p\u00ebr krimin e r\u00ebnd\u00eb. N\u00eb pranga \u00ebsht\u00eb v\u00ebn\u00eb shtetasi Tom\u00eb Dodaj, 49-vje\u00e7, nga fshati Novosell\u00eb i Gjakov\u00ebs.<\/p>\n<p>Dyshohet se ky i fundit u ka shitur arm\u00ebn q\u00eb \u00ebsht\u00eb p\u00ebrdor n\u00eb krim Naim Murselit dhe Granit Plav\u00ebs.<\/p>\n","protected":false},"excerpt":{"rendered":"<p>Or\u00ebt e fundit t\u00eb jet\u00ebs s\u00eb saj, 30-vje\u00e7arja Liridona Ademaj, i kaloi n\u00eb shoq\u00ebrin\u00eb e bashk\u00ebshortit t\u00eb saj, Naim Murseli dhe dy f\u00ebmij\u00ebve t\u00eb tyre, 4 dhe 6-vje\u00e7. E ndjera nuk e kishte iden\u00eb se darka n\u00eb nj\u00eb prej restoranteve t\u00eb Gra\u00e7anic\u00ebs, do t\u00eb ishte e fundit p\u00ebr t\u00eb. Pak or\u00eb m\u00eb von\u00eb, ajo u [&hellip;]<\/p>\n","protected":false},"author":5,"featured_media":68845,"comment_status":"closed","ping_status":"closed","sticky":false,"template":"","format":"standard","meta":{"footnotes":""},"categories":[1,27451,6332],"tags":[28152,28151],"class_list":{"0":"post-68844","1":"post","2":"type-post","3":"status-publish","4":"format-standard","5":"has-post-thumbnail","7":"category-aktualitet","8":"category-kosova","9":"category-te-fundit","10":"tag-naimit-dhe-autorit-para-vrasjes","11":"tag-video-publikohen-pamjet-e-liridones"},"_links":{"self":[{"href":"https:\/\/jugulajm.net\/index.php?rest_route=\/wp\/v2\/posts\/68844","targetHints":{"allow":["GET"]}}],"collection":[{"href":"https:\/\/jugulajm.net\/index.php?rest_route=\/wp\/v2\/posts"}],"about":[{"href":"https:\/\/jugulajm.net\/index.php?rest_route=\/wp\/v2\/types\/post"}],"author":[{"embeddable":true,"href":"https:\/\/jugulajm.net\/index.php?rest_route=\/wp\/v2\/users\/5"}],"replies":[{"embeddable":true,"href":"https:\/\/jugulajm.net\/index.php?rest_route=%2Fwp%2Fv2%2Fcomments&post=68844"}],"version-history":[{"count":0,"href":"https:\/\/jugulajm.net\/index.php?rest_route=\/wp\/v2\/posts\/68844\/revisions"}],"wp:featuredmedia":[{"embeddable":true,"href":"https:\/\/jugulajm.net\/index.php?rest_route=\/wp\/v2\/media\/68845"}],"wp:attachment":[{"href":"https:\/\/jugulajm.net\/index.php?rest_route=%2Fwp%2Fv2%2Fmedia&parent=68844"}],"wp:term":[{"taxonomy":"category","embeddable":true,"href":"https:\/\/jugulajm.net\/index.php?rest_route=%2Fwp%2Fv2%2Fcategories&post=68844"},{"taxonomy":"post_tag","embeddable":true,"href":"https:\/\/jugulajm.net\/index.php?rest_route=%2Fwp%2Fv2%2Ftags&post=68844"}],"curies":[{"name":"wp","href":"https:\/\/api.w.org\/{rel}","templated":true}]}}