{"id":68792,"date":"2023-12-08T15:04:28","date_gmt":"2023-12-08T14:04:28","guid":{"rendered":"https:\/\/jugulajm.net\/?p=68792"},"modified":"2023-12-08T15:13:42","modified_gmt":"2023-12-08T14:13:42","slug":"vrasja-e-djeshme-ne-fier-shpallet-ne-kerkim-dhe-vellai-i-ekzekutorit","status":"publish","type":"post","link":"https:\/\/jugulajm.net\/?p=68792","title":{"rendered":"Detaje nga vrasja e djeshme n\u00eb Fier, shpallet n\u00eb k\u00ebrkim dhe v\u00ebllai i ekzekutorit"},"content":{"rendered":"<p>Nj\u00eb dit\u00eb pas vrasjes s\u00eb Elton Javorit, policia ka zbardhur edhe dinamik\u00ebn e ngjarjes s\u00eb r\u00ebnd\u00eb. Sipas policis\u00eb, midis 41-vje\u00e7arit q\u00eb mbeti i vdekur dhe autorit t\u00eb dyshuar, Agim Gashi.<\/p>\n<p>Ky i fundit sipas policis\u00eb, ka qen\u00eb n\u00eb krahun e pasagjerit t\u00eb automjetit tip \u201cBenz\u201d dhe ka q\u00eblluar me arm\u00eb n\u00eb drejtim t\u00eb \u201cFuoristrad\u00ebs\u201d e cila drejtohej nga Elton Javori.<\/p>\n<p>Bashk\u00ebpun\u00ebtor n\u00eb k\u00ebt\u00eb ngjarje \u00ebsht\u00eb edhe v\u00ebllai i Agim Gashit, i cili drejtonte automjetin tip Benz. Nd\u00ebrsa \u00ebsht\u00eb zbardhur dinamika e krimit, nuk dihen ende motivet.<\/p>\n<p><strong>Njoftimi i policis\u00eb:\u00a0<\/strong><\/p>\n<p>N\u00eb vijim t\u00eb veprimeve hetimore t\u00eb kryera nga grupi hetimor i p\u00ebrb\u00ebr\u00eb nga specialist\u00ebt e Seksionit p\u00ebr Hetimin e Krimeve t\u00eb R\u00ebnda t\u00eb DVP Fier dhe atyre t\u00eb Drejtoris\u00eb s\u00eb P\u00ebrgjithshme t\u00eb Policis\u00eb s\u00eb Shtetetit, rezultoi se:<\/p>\n<p>Dit\u00ebn e djeshme n\u00eb lagjen \u201c16 Prilli\u201d, Fier, nga nj\u00eb automjet tip \u201cBenz\u201d, nga krahu i pasagjerit, \u00ebsht\u00eb q\u00eblluar me arm\u00eb zjarri n\u00eb drejtim t\u00eb automjetit tip \u201cFuoristrad\u00eb\u201d e cila drejtohej nga shtetasi E. J., 41 vje\u00e7.<\/p>\n<p>Pas k\u00ebtij veprimi, shtetasi E. J., ka q\u00eblluar disa her\u00eb me arm\u00eb zjarr pistolet\u00eb n\u00eb drejtim t\u00eb automjetit tip \u201cBenz\u201d. Si pasoj\u00eb e shk\u00ebmbimit t\u00eb zjarrit, ka mbetur i vrar\u00eb shtetasi E. J., 41 vje\u00e7.<\/p>\n<p>Nga hetimet rezultoi se autor\u00ebt q\u00eb udh\u00ebtonin me automjetin tip \u201cBenz\u201d jan\u00eb shtetasit A. G., 35 vje\u00e7 dhe K. G., 33 vje\u00e7(v\u00ebllez\u00ebr), t\u00eb cil\u00ebt jan\u00eb shpallur n\u00eb k\u00ebrkim dhe po punohet intensivisht p\u00ebr kapjen dhe v\u00ebnien e tyre p\u00ebrpara p\u00ebrgjegj\u00ebsis\u00eb ligjore.<\/p>\n<p>Nga k\u00ebqyrja e vendit t\u00eb ngjarjes, n\u00eb af\u00ebrsi t\u00eb automjetin tip \u201cFuoristrad\u00eb\u201d, u gjet 1 arm\u00eb zjarri pistolet\u00eb me nr trupi t\u00eb paidentifikuar e cila u sekuestrua n\u00eb cil\u00ebsin\u00eb e prov\u00ebs materiale.<\/p>\n<p>Motivi i k\u00ebsaj ngjarjeje kriminale dyshohet nj\u00eb konflikt i nisur disa koh\u00eb m\u00eb par\u00eb midis shtetasit A. G. dhe shtetasit E. J. p\u00ebr motive t\u00eb dob\u00ebta.<\/p>\n<p>N\u00eb drejtimin e Prokuroris\u00eb vijon puna hetimore p\u00ebr sqarimin e rrethanave t\u00eb k\u00ebsaj ngjarjeje dhe mbledhjen e te gjitha provave p\u00ebr dokumentimin e plot\u00eb t\u00eb saj.<\/p>\n<p>Materialet procedurale jan\u00eb referuar n\u00eb Prokurorin\u00eb pran\u00eb Gjykat\u00ebs s\u00eb Shkall\u00ebs s\u00eb Par\u00eb t\u00eb Juridiksionit t\u00eb P\u00ebrgjithsh\u00ebm Fier, n\u00eb ngarkim t\u00eb shtetasve A.G. dhe K.G., t\u00eb dyshuar p\u00ebr kryerjen e vepr\u00ebs penale \u201cVrasje me paramendim\u201d e kryer n\u00eb bashk\u00ebpunim dhe \u201cProdhimi dhe mbajtja pa leje e arm\u00ebve dhe municionit luftarak\u201d.<\/p>\n","protected":false},"excerpt":{"rendered":"<p>Nj\u00eb dit\u00eb pas vrasjes s\u00eb Elton Javorit, policia ka zbardhur edhe dinamik\u00ebn e ngjarjes s\u00eb r\u00ebnd\u00eb. Sipas policis\u00eb, midis 41-vje\u00e7arit q\u00eb mbeti i vdekur dhe autorit t\u00eb dyshuar, Agim Gashi. Ky i fundit sipas policis\u00eb, ka qen\u00eb n\u00eb krahun e pasagjerit t\u00eb automjetit tip \u201cBenz\u201d dhe ka q\u00eblluar me arm\u00eb n\u00eb drejtim t\u00eb \u201cFuoristrad\u00ebs\u201d e [&hellip;]<\/p>\n","protected":false},"author":5,"featured_media":68736,"comment_status":"closed","ping_status":"closed","sticky":false,"template":"","format":"standard","meta":{"footnotes":""},"categories":[1,6332],"tags":[28123,28122],"class_list":{"0":"post-68792","1":"post","2":"type-post","3":"status-publish","4":"format-standard","5":"has-post-thumbnail","7":"category-aktualitet","8":"category-te-fundit","9":"tag-shpallet-ne-kerkim-dhe-vellai-i-ekzekutorit","10":"tag-vrasja-e-djeshme-ne-fier"},"_links":{"self":[{"href":"https:\/\/jugulajm.net\/index.php?rest_route=\/wp\/v2\/posts\/68792","targetHints":{"allow":["GET"]}}],"collection":[{"href":"https:\/\/jugulajm.net\/index.php?rest_route=\/wp\/v2\/posts"}],"about":[{"href":"https:\/\/jugulajm.net\/index.php?rest_route=\/wp\/v2\/types\/post"}],"author":[{"embeddable":true,"href":"https:\/\/jugulajm.net\/index.php?rest_route=\/wp\/v2\/users\/5"}],"replies":[{"embeddable":true,"href":"https:\/\/jugulajm.net\/index.php?rest_route=%2Fwp%2Fv2%2Fcomments&post=68792"}],"version-history":[{"count":0,"href":"https:\/\/jugulajm.net\/index.php?rest_route=\/wp\/v2\/posts\/68792\/revisions"}],"wp:featuredmedia":[{"embeddable":true,"href":"https:\/\/jugulajm.net\/index.php?rest_route=\/wp\/v2\/media\/68736"}],"wp:attachment":[{"href":"https:\/\/jugulajm.net\/index.php?rest_route=%2Fwp%2Fv2%2Fmedia&parent=68792"}],"wp:term":[{"taxonomy":"category","embeddable":true,"href":"https:\/\/jugulajm.net\/index.php?rest_route=%2Fwp%2Fv2%2Fcategories&post=68792"},{"taxonomy":"post_tag","embeddable":true,"href":"https:\/\/jugulajm.net\/index.php?rest_route=%2Fwp%2Fv2%2Ftags&post=68792"}],"curies":[{"name":"wp","href":"https:\/\/api.w.org\/{rel}","templated":true}]}}