{"id":68765,"date":"2023-12-07T20:51:28","date_gmt":"2023-12-07T19:51:28","guid":{"rendered":"https:\/\/jugulajm.net\/?p=68765"},"modified":"2023-12-07T20:51:28","modified_gmt":"2023-12-07T19:51:28","slug":"fier-del-foto-e-41-vjecarit-qe-u-vra-sot","status":"publish","type":"post","link":"https:\/\/jugulajm.net\/?p=68765","title":{"rendered":"Fier, del FOTO e 41-vje\u00e7arit q\u00eb u vra sot"},"content":{"rendered":"<p>\u00cbsht\u00eb publikuar nj\u00eb foto e 41-vje\u00e7arit i cili u ekzekutua mesdit\u00ebn e sotme n\u00eb Fier.<\/p>\n<p>Autori i dyshuar i cili \u00ebsht\u00eb Agim Gashi e ka pritur viktim\u00ebn pran\u00eb banes\u00ebs s\u00eb tij dhe sapo ai ka hyr\u00eb n\u00eb automjetin e tij \u201cPorche\u201d e ka ndjekur makin\u00ebn e tij \u201cBenz\u201d.<\/p>\n<p>N\u00eb lagjen ku jetonte Elton Javori, njihej si djal\u00eb i qet\u00eb e jo problematik. Pistat ku po hetohet jan\u00eb disa.<\/p>\n<p>Nj\u00eb krushqi e prishur dhe konfliktet mes t\u00eb dyve jan\u00eb t\u00eb tjera dyshime q\u00eb mund t\u00eb ken\u00eb \u00e7uar n\u00eb vrasje.<\/p>\n<p><img loading=\"lazy\" loading=\"lazy\" decoding=\"async\" class=\"alignnone wp-image-350863 lazy-loaded\" src=\"https:\/\/5pyetjet.al\/wp-content\/uploads\/2023\/12\/900-0-1701974302xerjon-javori-transformed-366-237x300.jpeg\" sizes=\"auto, (max-width: 319px) 100vw, 319px\" srcset=\"https:\/\/5pyetjet.al\/wp-content\/uploads\/2023\/12\/900-0-1701974302xerjon-javori-transformed-366-237x300.jpeg 237w, https:\/\/5pyetjet.al\/wp-content\/uploads\/2023\/12\/900-0-1701974302xerjon-javori-transformed-366-809x1024.jpeg 809w, https:\/\/5pyetjet.al\/wp-content\/uploads\/2023\/12\/900-0-1701974302xerjon-javori-transformed-366-768x972.jpeg 768w, https:\/\/5pyetjet.al\/wp-content\/uploads\/2023\/12\/900-0-1701974302xerjon-javori-transformed-366-696x881.jpeg 696w, https:\/\/5pyetjet.al\/wp-content\/uploads\/2023\/12\/900-0-1701974302xerjon-javori-transformed-366.jpeg 900w\" alt=\"\" width=\"319\" height=\"404\" data-attachment-id=\"350863\" data-permalink=\"https:\/\/5pyetjet.al\/2023\/12\/07\/del-fotoja-e-elton-javorit-i-cili-u-vra-sot-ne-fier\/900-0-1701974302xerjon-javori-transformed-366\/\" data-orig-file=\"https:\/\/5pyetjet.al\/wp-content\/uploads\/2023\/12\/900-0-1701974302xerjon-javori-transformed-366.jpeg\" data-orig-size=\"900,1139\" data-comments-opened=\"1\" data-image-meta=\"{&quot;aperture&quot;:&quot;0&quot;,&quot;credit&quot;:&quot;&quot;,&quot;camera&quot;:&quot;&quot;,&quot;caption&quot;:&quot;&quot;,&quot;created_timestamp&quot;:&quot;0&quot;,&quot;copyright&quot;:&quot;&quot;,&quot;focal_length&quot;:&quot;0&quot;,&quot;iso&quot;:&quot;0&quot;,&quot;shutter_speed&quot;:&quot;0&quot;,&quot;title&quot;:&quot;&quot;,&quot;orientation&quot;:&quot;0&quot;}\" data-image-title=\"-900-0-1701974302xerjon-javori-transformed-366\" data-image-description=\"\" data-image-caption=\"\" data-medium-file=\"https:\/\/5pyetjet.al\/wp-content\/uploads\/2023\/12\/900-0-1701974302xerjon-javori-transformed-366-237x300.jpeg\" data-large-file=\"https:\/\/5pyetjet.al\/wp-content\/uploads\/2023\/12\/900-0-1701974302xerjon-javori-transformed-366-809x1024.jpeg\" data-lazy-type=\"image\" data-src=\"https:\/\/5pyetjet.al\/wp-content\/uploads\/2023\/12\/900-0-1701974302xerjon-javori-transformed-366-237x300.jpeg\" data-srcset=\"\" \/><\/p>\n","protected":false},"excerpt":{"rendered":"<p>\u00cbsht\u00eb publikuar nj\u00eb foto e 41-vje\u00e7arit i cili u ekzekutua mesdit\u00ebn e sotme n\u00eb Fier. Autori i dyshuar i cili \u00ebsht\u00eb Agim Gashi e ka pritur viktim\u00ebn pran\u00eb banes\u00ebs s\u00eb tij dhe sapo ai ka hyr\u00eb n\u00eb automjetin e tij \u201cPorche\u201d e ka ndjekur makin\u00ebn e tij \u201cBenz\u201d. N\u00eb lagjen ku jetonte Elton Javori, njihej [&hellip;]<\/p>\n","protected":false},"author":5,"featured_media":68766,"comment_status":"closed","ping_status":"closed","sticky":false,"template":"","format":"standard","meta":{"footnotes":""},"categories":[1,6332],"tags":[28112,24754],"class_list":{"0":"post-68765","1":"post","2":"type-post","3":"status-publish","4":"format-standard","5":"has-post-thumbnail","7":"category-aktualitet","8":"category-te-fundit","9":"tag-del-foto-e-41-vjecarit-qe-u-vra-sot","10":"tag-fier"},"_links":{"self":[{"href":"https:\/\/jugulajm.net\/index.php?rest_route=\/wp\/v2\/posts\/68765","targetHints":{"allow":["GET"]}}],"collection":[{"href":"https:\/\/jugulajm.net\/index.php?rest_route=\/wp\/v2\/posts"}],"about":[{"href":"https:\/\/jugulajm.net\/index.php?rest_route=\/wp\/v2\/types\/post"}],"author":[{"embeddable":true,"href":"https:\/\/jugulajm.net\/index.php?rest_route=\/wp\/v2\/users\/5"}],"replies":[{"embeddable":true,"href":"https:\/\/jugulajm.net\/index.php?rest_route=%2Fwp%2Fv2%2Fcomments&post=68765"}],"version-history":[{"count":0,"href":"https:\/\/jugulajm.net\/index.php?rest_route=\/wp\/v2\/posts\/68765\/revisions"}],"wp:featuredmedia":[{"embeddable":true,"href":"https:\/\/jugulajm.net\/index.php?rest_route=\/wp\/v2\/media\/68766"}],"wp:attachment":[{"href":"https:\/\/jugulajm.net\/index.php?rest_route=%2Fwp%2Fv2%2Fmedia&parent=68765"}],"wp:term":[{"taxonomy":"category","embeddable":true,"href":"https:\/\/jugulajm.net\/index.php?rest_route=%2Fwp%2Fv2%2Fcategories&post=68765"},{"taxonomy":"post_tag","embeddable":true,"href":"https:\/\/jugulajm.net\/index.php?rest_route=%2Fwp%2Fv2%2Ftags&post=68765"}],"curies":[{"name":"wp","href":"https:\/\/api.w.org\/{rel}","templated":true}]}}