{"id":68749,"date":"2023-12-07T14:48:23","date_gmt":"2023-12-07T13:48:23","guid":{"rendered":"https:\/\/jugulajm.net\/?p=68749"},"modified":"2023-12-07T14:48:23","modified_gmt":"2023-12-07T13:48:23","slug":"sherr-me-thika-mes-te-miturve-plagoset-15-vjecari","status":"publish","type":"post","link":"https:\/\/jugulajm.net\/?p=68749","title":{"rendered":"Sherr me thika mes t\u00eb miturve, plagoset 15 vje\u00e7ari"},"content":{"rendered":"<p>Policia ka njoftuar se dit\u00ebn e sotme n\u00eb rrug\u00ebn \u201cBedri Karapici\u201d, n\u00eb Tiran\u00eb ka ndodhur nj\u00eb sherr mes dy t\u00eb miturve. Nj\u00eb 15-vje\u00e7ar dhe nj\u00eb 16-vje\u00e7ar jan\u00eb konfliktuar me nj\u00ebri-tjetrin, ku p\u00ebr pasoj\u00eb ka mbetur i plagosur me thik\u00eb 15- vje\u00e7ari.<\/p>\n<p>Menj\u00ebher\u00eb \u00ebsht\u00eb d\u00ebrguar n\u00eb spital p\u00ebr trajtim mjek\u00ebsor, raportohet se \u00ebsht\u00eb jasht\u00eb rrezikut p\u00ebr jet\u00ebn.<\/p>\n<p>Nuk dihet ende shkaku i konfliktitt, policia po punon p\u00ebr zbardhjen e rrethanave. Nd\u00ebrsa 16 vje\u00e7ari i cili e sulmoi me thik\u00eb \u00ebsht\u00eb shoq\u00ebruar n\u00eb komisariat s\u00eb bashku me prind\u00ebrit<\/p>\n<p><strong>Njoftimi i policis\u00eb:<\/strong><\/p>\n<p>M\u00eb dat\u00eb 07.12.2023, n\u00eb rrug\u00ebn \u201cBedri Karapici\u201d, jan\u00eb konfliktuar dy t\u00eb mitur t\u00eb mosh\u00ebs 15 dhe 16 vje\u00e7, dhe si pasoj\u00eb \u00ebsht\u00eb d\u00ebmtuar me mjet prer\u00ebs 15-vje\u00e7ari, i cili ndodhet n\u00eb spital, jasht\u00eb rrezikut p\u00ebr jet\u00ebn.<\/p>\n<p>16-vje\u00e7ari \u00ebsht\u00eb shoq\u00ebruar n\u00eb komisariat s\u00eb bashku me prind\u00ebrit.<\/p>\n<p>Grupi hetimor po punon p\u00ebr sqarimin e rrethanave t\u00eb konfliktit.<\/p>\n","protected":false},"excerpt":{"rendered":"<p>Policia ka njoftuar se dit\u00ebn e sotme n\u00eb rrug\u00ebn \u201cBedri Karapici\u201d, n\u00eb Tiran\u00eb ka ndodhur nj\u00eb sherr mes dy t\u00eb miturve. Nj\u00eb 15-vje\u00e7ar dhe nj\u00eb 16-vje\u00e7ar jan\u00eb konfliktuar me nj\u00ebri-tjetrin, ku p\u00ebr pasoj\u00eb ka mbetur i plagosur me thik\u00eb 15- vje\u00e7ari. Menj\u00ebher\u00eb \u00ebsht\u00eb d\u00ebrguar n\u00eb spital p\u00ebr trajtim mjek\u00ebsor, raportohet se \u00ebsht\u00eb jasht\u00eb rrezikut p\u00ebr [&hellip;]<\/p>\n","protected":false},"author":5,"featured_media":51534,"comment_status":"closed","ping_status":"closed","sticky":false,"template":"","format":"standard","meta":{"footnotes":""},"categories":[1,6332],"tags":[27046,28104],"class_list":{"0":"post-68749","1":"post","2":"type-post","3":"status-publish","4":"format-standard","5":"has-post-thumbnail","7":"category-aktualitet","8":"category-te-fundit","9":"tag-plagoset-15-vjecari","10":"tag-sherr-me-thika-mes-te-miturve"},"_links":{"self":[{"href":"https:\/\/jugulajm.net\/index.php?rest_route=\/wp\/v2\/posts\/68749","targetHints":{"allow":["GET"]}}],"collection":[{"href":"https:\/\/jugulajm.net\/index.php?rest_route=\/wp\/v2\/posts"}],"about":[{"href":"https:\/\/jugulajm.net\/index.php?rest_route=\/wp\/v2\/types\/post"}],"author":[{"embeddable":true,"href":"https:\/\/jugulajm.net\/index.php?rest_route=\/wp\/v2\/users\/5"}],"replies":[{"embeddable":true,"href":"https:\/\/jugulajm.net\/index.php?rest_route=%2Fwp%2Fv2%2Fcomments&post=68749"}],"version-history":[{"count":0,"href":"https:\/\/jugulajm.net\/index.php?rest_route=\/wp\/v2\/posts\/68749\/revisions"}],"wp:featuredmedia":[{"embeddable":true,"href":"https:\/\/jugulajm.net\/index.php?rest_route=\/wp\/v2\/media\/51534"}],"wp:attachment":[{"href":"https:\/\/jugulajm.net\/index.php?rest_route=%2Fwp%2Fv2%2Fmedia&parent=68749"}],"wp:term":[{"taxonomy":"category","embeddable":true,"href":"https:\/\/jugulajm.net\/index.php?rest_route=%2Fwp%2Fv2%2Fcategories&post=68749"},{"taxonomy":"post_tag","embeddable":true,"href":"https:\/\/jugulajm.net\/index.php?rest_route=%2Fwp%2Fv2%2Ftags&post=68749"}],"curies":[{"name":"wp","href":"https:\/\/api.w.org\/{rel}","templated":true}]}}