{"id":68735,"date":"2023-12-07T11:38:41","date_gmt":"2023-12-07T10:38:41","guid":{"rendered":"https:\/\/jugulajm.net\/?p=68735"},"modified":"2023-12-07T11:38:41","modified_gmt":"2023-12-07T10:38:41","slug":"emri-vritet-41-vjecari-ne-fier-policia-identifikon-autorin","status":"publish","type":"post","link":"https:\/\/jugulajm.net\/?p=68735","title":{"rendered":"EMRI\/ Vritet 41-vje\u00e7ari n\u00eb Fier, policia identifikon autorin"},"content":{"rendered":"<p>Rreth or\u00ebs 11:00, n\u00eb lagjen &#8220;16 prilli&#8221;, \u00ebsht\u00eb vrar\u00eb me arm\u00eb zjarri 41-vje\u00e7ari Elton Javori, banues n\u00eb Fier.<\/p>\n<p>Sh\u00ebrbimet e Policis\u00eb, sapo kan\u00eb marr\u00eb njoftim, kan\u00eb shkuar menj\u00ebher\u00eb n\u00eb vendngjarje, kan\u00eb identifikuar autorin dhe po punojn\u00eb p\u00ebr kapjen e tij.<\/p>\n<p>Jan\u00eb ngritur pika kontrolli n\u00eb \u00e7do aks rrugor, si dhe vijon intensivisht krehja e zon\u00ebs.<\/p>\n<p>Nd\u00ebrkaq, grupi hetimor, n\u00eb drejtimin e Prokuroris\u00eb, po punon p\u00ebr zbardhjen e plot\u00eb t\u00eb rrethanave t\u00eb ngjarjes dhe kapjen e autorit.<\/p>\n","protected":false},"excerpt":{"rendered":"<p>Rreth or\u00ebs 11:00, n\u00eb lagjen &#8220;16 prilli&#8221;, \u00ebsht\u00eb vrar\u00eb me arm\u00eb zjarri 41-vje\u00e7ari Elton Javori, banues n\u00eb Fier. Sh\u00ebrbimet e Policis\u00eb, sapo kan\u00eb marr\u00eb njoftim, kan\u00eb shkuar menj\u00ebher\u00eb n\u00eb vendngjarje, kan\u00eb identifikuar autorin dhe po punojn\u00eb p\u00ebr kapjen e tij. Jan\u00eb ngritur pika kontrolli n\u00eb \u00e7do aks rrugor, si dhe vijon intensivisht krehja e zon\u00ebs. [&hellip;]<\/p>\n","protected":false},"author":5,"featured_media":68736,"comment_status":"closed","ping_status":"closed","sticky":false,"template":"","format":"standard","meta":{"footnotes":""},"categories":[1,6332],"tags":[28095,28096],"class_list":{"0":"post-68735","1":"post","2":"type-post","3":"status-publish","4":"format-standard","5":"has-post-thumbnail","7":"category-aktualitet","8":"category-te-fundit","9":"tag-emri-vritet-41-vjecari-ne-fier","10":"tag-policia-identifikon-autorin"},"_links":{"self":[{"href":"https:\/\/jugulajm.net\/index.php?rest_route=\/wp\/v2\/posts\/68735","targetHints":{"allow":["GET"]}}],"collection":[{"href":"https:\/\/jugulajm.net\/index.php?rest_route=\/wp\/v2\/posts"}],"about":[{"href":"https:\/\/jugulajm.net\/index.php?rest_route=\/wp\/v2\/types\/post"}],"author":[{"embeddable":true,"href":"https:\/\/jugulajm.net\/index.php?rest_route=\/wp\/v2\/users\/5"}],"replies":[{"embeddable":true,"href":"https:\/\/jugulajm.net\/index.php?rest_route=%2Fwp%2Fv2%2Fcomments&post=68735"}],"version-history":[{"count":0,"href":"https:\/\/jugulajm.net\/index.php?rest_route=\/wp\/v2\/posts\/68735\/revisions"}],"wp:featuredmedia":[{"embeddable":true,"href":"https:\/\/jugulajm.net\/index.php?rest_route=\/wp\/v2\/media\/68736"}],"wp:attachment":[{"href":"https:\/\/jugulajm.net\/index.php?rest_route=%2Fwp%2Fv2%2Fmedia&parent=68735"}],"wp:term":[{"taxonomy":"category","embeddable":true,"href":"https:\/\/jugulajm.net\/index.php?rest_route=%2Fwp%2Fv2%2Fcategories&post=68735"},{"taxonomy":"post_tag","embeddable":true,"href":"https:\/\/jugulajm.net\/index.php?rest_route=%2Fwp%2Fv2%2Ftags&post=68735"}],"curies":[{"name":"wp","href":"https:\/\/api.w.org\/{rel}","templated":true}]}}