{"id":68703,"date":"2023-12-06T14:46:38","date_gmt":"2023-12-06T13:46:38","guid":{"rendered":"https:\/\/jugulajm.net\/?p=68703"},"modified":"2023-12-06T14:46:38","modified_gmt":"2023-12-06T13:46:38","slug":"sherr-2-vellezer-plagosin-dhe-kercenojne-2-te-tjere","status":"publish","type":"post","link":"https:\/\/jugulajm.net\/?p=68703","title":{"rendered":"Sherr, 2 v\u00ebllez\u00ebr plagosin dhe k\u00ebrc\u00ebnojn\u00eb 2 t\u00eb tjer\u00eb"},"content":{"rendered":"<div class=\"firstP\">\n<p>Nj\u00eb sherr ku jan\u00eb p\u00ebrfshir\u00eb kat\u00ebr persona ka ndodhur n\u00eb lagjen \u201cSheq i Madh\u201d n\u00eb Fier.<\/p>\n<\/div>\n<p>Konflikti p\u00ebr motive t\u00eb dob\u00ebta si\u00e7 thot\u00eb policia, ka ndodhur mes kat\u00ebr personave, ku dy v\u00ebllez\u00ebr kan\u00eb plagosur dhe k\u00ebrc\u00ebnuar dy v\u00ebllez\u00ebr t\u00eb tjer\u00eb.<\/p>\n<p>Dy v\u00ebllez\u00ebrit\u00a0 S. P., 20 vje\u00e7 dhe K. P., 22 vje\u00e7 po ndiqen penalisht p\u00ebr vepr\u00ebn penale \u201cD\u00ebmtime t\u00eb tjera me dashje\u201d. Dy t\u00eb tjer\u00ebt, J. H., 20 vje\u00e7 dhe K. H., 22 vje\u00e7 (v\u00ebllez\u00ebr), jan\u00eb shpallur n\u00eb k\u00ebrkim p\u00ebr veprat penale \u201cPlagosja e leht\u00eb me dashje\u201d dhe \u201cKanosja\u201d.<\/p>\n<p>Nd\u00ebrkaq, n\u00eb drejtimin e Prokuroris\u00eb, po vijojn\u00eb hetimet p\u00ebr t\u00eb zbardhur dhe dokumentuar ligj\u00ebrisht rrethanat e k\u00ebtij konflikti.<\/p>\n","protected":false},"excerpt":{"rendered":"<p>Nj\u00eb sherr ku jan\u00eb p\u00ebrfshir\u00eb kat\u00ebr persona ka ndodhur n\u00eb lagjen \u201cSheq i Madh\u201d n\u00eb Fier. Konflikti p\u00ebr motive t\u00eb dob\u00ebta si\u00e7 thot\u00eb policia, ka ndodhur mes kat\u00ebr personave, ku dy v\u00ebllez\u00ebr kan\u00eb plagosur dhe k\u00ebrc\u00ebnuar dy v\u00ebllez\u00ebr t\u00eb tjer\u00eb. Dy v\u00ebllez\u00ebrit\u00a0 S. P., 20 vje\u00e7 dhe K. P., 22 vje\u00e7 po ndiqen penalisht p\u00ebr [&hellip;]<\/p>\n","protected":false},"author":5,"featured_media":63723,"comment_status":"closed","ping_status":"closed","sticky":false,"template":"","format":"standard","meta":{"footnotes":""},"categories":[1,6332],"tags":[28084,26131],"class_list":{"0":"post-68703","1":"post","2":"type-post","3":"status-publish","4":"format-standard","5":"has-post-thumbnail","7":"category-aktualitet","8":"category-te-fundit","9":"tag-2-vellezer-plagosin-dhe-kercenojne-2-te-tjere","10":"tag-sherr"},"_links":{"self":[{"href":"https:\/\/jugulajm.net\/index.php?rest_route=\/wp\/v2\/posts\/68703","targetHints":{"allow":["GET"]}}],"collection":[{"href":"https:\/\/jugulajm.net\/index.php?rest_route=\/wp\/v2\/posts"}],"about":[{"href":"https:\/\/jugulajm.net\/index.php?rest_route=\/wp\/v2\/types\/post"}],"author":[{"embeddable":true,"href":"https:\/\/jugulajm.net\/index.php?rest_route=\/wp\/v2\/users\/5"}],"replies":[{"embeddable":true,"href":"https:\/\/jugulajm.net\/index.php?rest_route=%2Fwp%2Fv2%2Fcomments&post=68703"}],"version-history":[{"count":0,"href":"https:\/\/jugulajm.net\/index.php?rest_route=\/wp\/v2\/posts\/68703\/revisions"}],"wp:featuredmedia":[{"embeddable":true,"href":"https:\/\/jugulajm.net\/index.php?rest_route=\/wp\/v2\/media\/63723"}],"wp:attachment":[{"href":"https:\/\/jugulajm.net\/index.php?rest_route=%2Fwp%2Fv2%2Fmedia&parent=68703"}],"wp:term":[{"taxonomy":"category","embeddable":true,"href":"https:\/\/jugulajm.net\/index.php?rest_route=%2Fwp%2Fv2%2Fcategories&post=68703"},{"taxonomy":"post_tag","embeddable":true,"href":"https:\/\/jugulajm.net\/index.php?rest_route=%2Fwp%2Fv2%2Ftags&post=68703"}],"curies":[{"name":"wp","href":"https:\/\/api.w.org\/{rel}","templated":true}]}}