{"id":68700,"date":"2023-12-06T13:51:54","date_gmt":"2023-12-06T12:51:54","guid":{"rendered":"https:\/\/jugulajm.net\/?p=68700"},"modified":"2023-12-06T13:51:54","modified_gmt":"2023-12-06T12:51:54","slug":"vdekja-e-liridones-reagon-per-here-te-pare-behgjet-pacolli","status":"publish","type":"post","link":"https:\/\/jugulajm.net\/?p=68700","title":{"rendered":"Vdekja e Liridon\u00ebs, reagon p\u00ebr her\u00eb t\u00eb par\u00eb Behgjet Pacolli"},"content":{"rendered":"<p>Kryetari i AKR-s\u00eb, Behgjet Pacolli, p\u00ebrmes nj\u00eb reagimi n\u00eb Facebook shprehet i indinjuar pasi ka par\u00eb disa \u201cinsinuata t\u00eb individ\u00ebve me sjellje skizofrenike q\u00eb shfryt\u00ebzojn\u00eb tragjedit\u00eb si ajo e Liridon\u00ebs p\u00ebr t\u00eb t\u00ebrhequr v\u00ebmendjen n\u00eb platformat sociale.\u201d<\/p>\n<p>Sipas tij, \u00ebsht\u00eb e r\u00ebnd\u00ebsishme q\u00eb t\u00eb kund\u00ebrshtohen deklaratat e analist\u00ebve t\u00eb cil\u00ebt njollosin imazhin e personave t\u00eb tjer\u00eb me q\u00ebllimin e vet\u00ebm, p\u00ebrfitimin e v\u00ebmendjes publike.<\/p>\n<p>Ai gjtihashtu ka sqaruar edhe faktin pse ka munguar n\u00eb varrimin e Liridon\u00ebs, 30-vje\u00e7ares s\u00eb vrar\u00eb disa dit\u00eb m\u00eb par\u00eb n\u00eb Prishtin\u00eb.<\/p>\n<p>Pas hekurave p\u00ebr k\u00ebt\u00eb ngjarje ndodhet bashk\u00ebshorti Naim Murseli, i cili dyshohet se ka porositur vrasjen, Granit Plava, autori dhe Kushtrim Kokalla, i cili akuzohet se \u00ebsht\u00eb bashk\u00ebpun\u00ebtor n\u00eb ngjarje.<\/p>\n<p><strong>Reagimi i plot\u00eb i Pacollit<\/strong><\/p>\n<div dir=\"auto\">Nga larg\u00ebsia, v\u00ebrej disa insinuata t\u00eb individ\u00ebve me sjellje skizofrenike q\u00eb shfryt\u00ebzojn\u00eb tragjedit\u00eb si ajo e Liridon\u00ebs p\u00ebr t\u00eb t\u00ebrhequr v\u00ebmendjen n\u00eb platformat mediatike dhe krijuar ndonj\u00eb \u201cimazh\u201d.<\/div>\n<div dir=\"auto\"><\/div>\n<div dir=\"auto\">\u00cbsht\u00eb kritike t\u00eb dallohen dhe kund\u00ebrshtohen deklaratat paq\u00ebndrueshme dhe pa fakte t\u00eb disa \u201cdebatuesve\u201d apo \u201canalist\u00ebve\u201d q\u00eb njollosin imazhin dhe reputacionin e t\u00eb tjer\u00ebve vet\u00ebm p\u00ebr t\u00eb p\u00ebrfituar v\u00ebmendj\u00ebn publike.<\/div>\n<div dir=\"auto\"><\/div>\n<div dir=\"auto\">Kjo ndihmon n\u00eb ngritjen e nivelit t\u00eb bised\u00ebs dhe transparenc\u00ebs s\u00eb informacionit p\u00ebr publikun, duke theksuar seriozitetin e mediave.<\/div>\n<div dir=\"auto\"><\/div>\n<div dir=\"auto\">P\u00ebr t\u00eb sqaruar publikun, po ndjek nj\u00eb rrug\u00eb t\u00eb gjat\u00eb dhe t\u00eb planifikuar prej 6 muajsh, q\u00eb m\u00eb ka penguar t\u00eb marr pjes\u00eb n\u00eb varrim (gj\u00eb p\u00ebr t\u00eb cil\u00ebn jan\u00eb kujdesur v\u00ebllez\u00ebrit, familja dhe bashk\u00ebpun\u00ebtor\u00ebt e mi).<\/div>\n","protected":false},"excerpt":{"rendered":"<p>Kryetari i AKR-s\u00eb, Behgjet Pacolli, p\u00ebrmes nj\u00eb reagimi n\u00eb Facebook shprehet i indinjuar pasi ka par\u00eb disa \u201cinsinuata t\u00eb individ\u00ebve me sjellje skizofrenike q\u00eb shfryt\u00ebzojn\u00eb tragjedit\u00eb si ajo e Liridon\u00ebs p\u00ebr t\u00eb t\u00ebrhequr v\u00ebmendjen n\u00eb platformat sociale.\u201d Sipas tij, \u00ebsht\u00eb e r\u00ebnd\u00ebsishme q\u00eb t\u00eb kund\u00ebrshtohen deklaratat e analist\u00ebve t\u00eb cil\u00ebt njollosin imazhin e personave t\u00eb [&hellip;]<\/p>\n","protected":false},"author":5,"featured_media":68701,"comment_status":"closed","ping_status":"closed","sticky":false,"template":"","format":"standard","meta":{"footnotes":""},"categories":[1,27451,6332],"tags":[28083,28082],"class_list":{"0":"post-68700","1":"post","2":"type-post","3":"status-publish","4":"format-standard","5":"has-post-thumbnail","7":"category-aktualitet","8":"category-kosova","9":"category-te-fundit","10":"tag-reagon-per-here-te-pare-behgjet-pacolli","11":"tag-vdekja-e-liridones"},"_links":{"self":[{"href":"https:\/\/jugulajm.net\/index.php?rest_route=\/wp\/v2\/posts\/68700","targetHints":{"allow":["GET"]}}],"collection":[{"href":"https:\/\/jugulajm.net\/index.php?rest_route=\/wp\/v2\/posts"}],"about":[{"href":"https:\/\/jugulajm.net\/index.php?rest_route=\/wp\/v2\/types\/post"}],"author":[{"embeddable":true,"href":"https:\/\/jugulajm.net\/index.php?rest_route=\/wp\/v2\/users\/5"}],"replies":[{"embeddable":true,"href":"https:\/\/jugulajm.net\/index.php?rest_route=%2Fwp%2Fv2%2Fcomments&post=68700"}],"version-history":[{"count":0,"href":"https:\/\/jugulajm.net\/index.php?rest_route=\/wp\/v2\/posts\/68700\/revisions"}],"wp:featuredmedia":[{"embeddable":true,"href":"https:\/\/jugulajm.net\/index.php?rest_route=\/wp\/v2\/media\/68701"}],"wp:attachment":[{"href":"https:\/\/jugulajm.net\/index.php?rest_route=%2Fwp%2Fv2%2Fmedia&parent=68700"}],"wp:term":[{"taxonomy":"category","embeddable":true,"href":"https:\/\/jugulajm.net\/index.php?rest_route=%2Fwp%2Fv2%2Fcategories&post=68700"},{"taxonomy":"post_tag","embeddable":true,"href":"https:\/\/jugulajm.net\/index.php?rest_route=%2Fwp%2Fv2%2Ftags&post=68700"}],"curies":[{"name":"wp","href":"https:\/\/api.w.org\/{rel}","templated":true}]}}