{"id":68650,"date":"2023-12-04T21:59:39","date_gmt":"2023-12-04T20:59:39","guid":{"rendered":"https:\/\/jugulajm.net\/?p=68650"},"modified":"2023-12-04T21:59:39","modified_gmt":"2023-12-04T20:59:39","slug":"i-ati-i-naim-murselit-thote-se-do-kishte-mbaruar-vete-pune-me-te-birin-nese-do-ta-dinte-se","status":"publish","type":"post","link":"https:\/\/jugulajm.net\/?p=68650","title":{"rendered":"I ati i Naim Murselit thot\u00eb, se do kisht\u00eb \u201cmbaruar vet\u00eb\u201d pun\u00eb me t\u00eb birin, n\u00ebse do ta dinte se\u2026"},"content":{"rendered":"<p>Babai i Naim Mureselit ka dh\u00ebn\u00eb nj\u00eb intervist\u00eb ekskluzive p\u00ebr gazetarin e Nacionales, Vullnet Krasniqi, n\u00eb t\u00eb cil\u00ebn ka rr\u00ebfyer p\u00ebr rastin e Liridona Ademajt, e vrar\u00eb para pak dit\u00ebsh nga bashk\u00ebshorti i saj q\u00eb dyshohet se pagoi vras\u00ebsit, ngjarje kjo q\u00eb ka tronditur vendin.<\/p>\n<p>Ai ka treguar momentin e r\u00ebnd\u00eb kur mori lajmin p\u00ebr vrasjen e Liridona Ademajt.<\/p>\n<p>Ai rr\u00ebfeu se sapo ka hyr\u00eb n\u00eb sht\u00ebpi n\u00eb Suedi, djali i tij i dyt\u00eb e ka thirrur p\u00ebr t\u2019ia dh\u00ebn\u00eb lajmin e vrasjes s\u00eb Liridon\u00ebs.<\/p>\n<p><em>\u201cUn\u00eb diku rreth or\u00ebs 8:20 por sa kam hyr\u00eb n\u00eb sht\u00ebpi n\u00eb Suedi, me ka thirr djali i dyt\u00eb edhe ve\u00e7 me kan\u00eb th\u00ebn\u00eb \u2018Bab\u00eb, e kan\u00eb vra Liridon\u00ebn\u2019. Aty plasi vaji. Liridon\u00ebn e kemi dasht\u00eb m\u00eb shum\u00eb se f\u00ebmij\u00ebt e mi. Kemi udh\u00ebtuar 35 or\u00eb. Gjat\u00eb rrug\u00ebs, un\u00eb e kam par\u00eb intervist\u00ebn e dh\u00ebn\u00eb nga Naimi. \u2018Na dol\u00ebn hajnat n\u00eb rrug\u00eb, na i pla\u00e7kit\u00ebn gj\u00ebrat. Un\u00eb ika me f\u00ebmij\u00eb, gruan ma vran\u00eb\u2019. T\u00eb vetmin detaj at\u00eb e kam pasur. Nuk kisha mund\u00ebsi edhe me vozit\u00eb edhe me p\u00ebrcjell\u00eb media.\u201c\u00a0<\/em>\u2013 u shpreh ai.<\/p>\n<p>I pyetur nga gazetari Krasniqi p\u00ebr momentin kur ka kuptuar se djali i tij akuzohet se ka porositur vrasjen, ai tha se ka qen\u00eb n\u00eb nj\u00eb moment t\u00eb v\u00ebshtir\u00eb dhe nuk ka pasur mund\u00ebsi t\u00eb p\u00ebrcjell\u00eb media ose t\u00eb marr\u00eb informacione t\u00eb tjera rreth ngjarjes.<\/p>\n<p><em>\u201cBesoni, ju betohem\u2026 dikush kish pas informacione t\u00eb ndryshme por un\u00eb me q\u00eb kam qen\u00eb q\u00eb i thojn\u00eb \u2018kryeshnosh\u2019, kurr\u00eb asnj\u00eb indikacion se kam dit\u00eb. U kry varrimi, jam ardh n\u00eb sht\u00ebpi plot\u00eb me njer\u00ebz para pas t\u2019u fol\u00eb, qat\u00ebher\u00eb e kam taku djalin tim edhe mu ka v\u00ebrsul tha \u2018mos jep deklarata se i prish hetimet\u2019. I thash\u00eb q\u00eb un\u00eb s\u2019kam informacion, un\u00eb fola vet\u00ebm \u00e7ka d\u00ebgjova.\u201d<\/em><\/p>\n<p>Ai ka mohuar t\u00eb ket\u00eb komunikim me Naimin pas arrestimit derisa ka treguar se si \u00ebsht\u00eb tronditur kur \u00ebsht\u00eb njoftuar nga Policia se Naim Mureseli dyshohet se ka porositur vrasjen e Liridona Ademajt.<\/p>\n<p><em>\u201cUn\u00eb jam shum\u00eb i tronditur. Liridon\u00ebn e kam dasht\u00eb m\u00eb shum\u00eb se vajzat e mia. Ishin disa polic\u00eb aty, kontrolluan, nuk kishte asgj\u00eb. Nj\u00eb polic k\u00ebrkoi ta lirojm\u00eb dhom\u00ebn. Jemi ulur n\u00eb krevat un\u00eb e ai polici. M\u00eb tha \u2018Zot\u00ebri po me vjen shum\u00eb keq, kemi prova t\u00eb mjaftueshme q\u00eb Naimi \u00ebsht\u00eb kryersi i vepr\u00ebs\u2019. Aty un\u00eb jam trondit sepse me ma pas dh\u00ebn\u00eb krejt bot\u00ebn nuk do t\u00eb m\u00eb shkonte as mendja q\u00eb djali im e b\u00ebn\u00eb at\u00eb.\u201d<\/em><\/p>\n","protected":false},"excerpt":{"rendered":"<p>Babai i Naim Mureselit ka dh\u00ebn\u00eb nj\u00eb intervist\u00eb ekskluzive p\u00ebr gazetarin e Nacionales, Vullnet Krasniqi, n\u00eb t\u00eb cil\u00ebn ka rr\u00ebfyer p\u00ebr rastin e Liridona Ademajt, e vrar\u00eb para pak dit\u00ebsh nga bashk\u00ebshorti i saj q\u00eb dyshohet se pagoi vras\u00ebsit, ngjarje kjo q\u00eb ka tronditur vendin. Ai ka treguar momentin e r\u00ebnd\u00eb kur mori lajmin p\u00ebr [&hellip;]<\/p>\n","protected":false},"author":5,"featured_media":68651,"comment_status":"closed","ping_status":"closed","sticky":false,"template":"","format":"standard","meta":{"footnotes":""},"categories":[1,27451,6332],"tags":[28058],"class_list":{"0":"post-68650","1":"post","2":"type-post","3":"status-publish","4":"format-standard","5":"has-post-thumbnail","7":"category-aktualitet","8":"category-kosova","9":"category-te-fundit","10":"tag-i-ati-i-naim-murselit-thote-se-do-kishte-mbaruar-vete-pune-me-te-birin-nese-do-ta-dinte-se"},"_links":{"self":[{"href":"https:\/\/jugulajm.net\/index.php?rest_route=\/wp\/v2\/posts\/68650","targetHints":{"allow":["GET"]}}],"collection":[{"href":"https:\/\/jugulajm.net\/index.php?rest_route=\/wp\/v2\/posts"}],"about":[{"href":"https:\/\/jugulajm.net\/index.php?rest_route=\/wp\/v2\/types\/post"}],"author":[{"embeddable":true,"href":"https:\/\/jugulajm.net\/index.php?rest_route=\/wp\/v2\/users\/5"}],"replies":[{"embeddable":true,"href":"https:\/\/jugulajm.net\/index.php?rest_route=%2Fwp%2Fv2%2Fcomments&post=68650"}],"version-history":[{"count":0,"href":"https:\/\/jugulajm.net\/index.php?rest_route=\/wp\/v2\/posts\/68650\/revisions"}],"wp:featuredmedia":[{"embeddable":true,"href":"https:\/\/jugulajm.net\/index.php?rest_route=\/wp\/v2\/media\/68651"}],"wp:attachment":[{"href":"https:\/\/jugulajm.net\/index.php?rest_route=%2Fwp%2Fv2%2Fmedia&parent=68650"}],"wp:term":[{"taxonomy":"category","embeddable":true,"href":"https:\/\/jugulajm.net\/index.php?rest_route=%2Fwp%2Fv2%2Fcategories&post=68650"},{"taxonomy":"post_tag","embeddable":true,"href":"https:\/\/jugulajm.net\/index.php?rest_route=%2Fwp%2Fv2%2Ftags&post=68650"}],"curies":[{"name":"wp","href":"https:\/\/api.w.org\/{rel}","templated":true}]}}