{"id":68646,"date":"2023-12-04T21:07:20","date_gmt":"2023-12-04T20:07:20","guid":{"rendered":"https:\/\/jugulajm.net\/?p=68646"},"modified":"2023-12-04T21:10:59","modified_gmt":"2023-12-04T20:10:59","slug":"te-darkosh-me-gruan-duke-e-ditur-se-pas-gjysme-ore-do-te-vdese-ja-si-e-shpjegon-neoropsikiatri","status":"publish","type":"post","link":"https:\/\/jugulajm.net\/?p=68646","title":{"rendered":"T\u00eb darkosh me gruan, duke e ditur se pas gjysm\u00eb ore do t\u00eb vdes\u00eb\/ Ja si e shpjegon neoropsikiatri&#8230;"},"content":{"rendered":"<p>Neuropsikiatri Ferid Agani, tregoi disa indikator\u00eb q\u00eb tregojn\u00eb, se disa individ\u00eb kan\u00eb probleme serioze.<\/p>\n<p>N\u00eb rastin e Naim Murselit, i cili dyshohet se porositi vrasjen e gruas s\u00eb tij, Liridona Ademaj, Agani tha n\u00eb T7 se \u201ck\u00ebtu kemi t\u00eb b\u00ebjm\u00eb me disocim\u201d.<\/p>\n<div class=\"insertion-box\">\n<div class=\"\">\n<div id=\"t656e2768d9078\" data-p=\"100\">\n<div class=\"medianative\" data-reklama=\"Neptun Alfapress\">T\u00eb ulesh n\u00eb tavolin\u00eb me gruan dhe f\u00ebmij\u00ebt dhe e di se pas gjysm\u00eb ore gruaja nuk do t\u00eb ekzistoj\u00eb\u2026 k\u00ebtu kemi t\u00eb b\u00ebjm\u00eb me nj\u00eb disocim, nj\u00eb \u00e7arje, nj\u00eb largim t\u00eb mendimeve dhe emocioneve, pra munges\u00eb t\u00eb empatis\u00eb, nj\u00eb ftoht\u00ebsi ekstreme. K\u00ebto jan\u00eb ve\u00e7ori t\u00eb vras\u00ebsve\u201d, tha ai.<\/div>\n<div data-reklama=\"Neptun Alfapress\"><\/div>\n<\/div>\n<\/div>\n<\/div>\n<p>Vras\u00ebsve t\u00eb till\u00eb, Agani tha se krimi iu ngjall\u00eb k\u00ebnaq\u00ebsi.<\/p>\n<p>\u201cK\u00ebto veprime t\u00eb zbrazjes s\u00eb pakontrolluar t\u00eb agrtesivitetit, n\u00eb individin q\u00eb e b\u00ebn vrasjen ngjall\u00eb k\u00ebnaq\u00ebsi, ngjall\u00eb emocione t\u00eb shkarkimit dhe t\u00eb kontrollit t\u00eb plot\u00eb t\u00eb situat\u00ebs\u2026<\/p>\n<p>K\u00ebto jan\u00eb p\u00ebrshkrime t\u00eb autopsive psikologjike t\u00eb k\u00ebtyre rasteve\u201d, tha ai.<\/p>\n<p>Agani tha se nga veprimet e Naim Murselit n\u00eb varrimin e Liridona Ademajt profesionist\u00ebt mund t\u00eb k\u00ebshin v\u00ebrejtur ndonj\u00eb gj\u00eb t\u00eb pazakont\u00eb.<\/p>\n<p>\u201cKomunikimi joverbal\u00eb q\u00eb k\u00ebta individ\u00eb e b\u00ebjn\u00eb ngannj\u00ebher\u00eb flet shum\u00eb m\u00eb tep\u00ebr se fjal\u00ebt e tyre\u201d, tha ai.<\/p>\n<p>\u201cPrej fotografive mund t\u00eb v\u00ebrehet nj\u00eb ftoh\u00ebsi emocionale e \u00e7uditshme, posa\u00e7\u00ebrisht n\u00eb disa video\u201d, tha Agani.<\/p>\n","protected":false},"excerpt":{"rendered":"<p>Neuropsikiatri Ferid Agani, tregoi disa indikator\u00eb q\u00eb tregojn\u00eb, se disa individ\u00eb kan\u00eb probleme serioze. N\u00eb rastin e Naim Murselit, i cili dyshohet se porositi vrasjen e gruas s\u00eb tij, Liridona Ademaj, Agani tha n\u00eb T7 se \u201ck\u00ebtu kemi t\u00eb b\u00ebjm\u00eb me disocim\u201d. T\u00eb ulesh n\u00eb tavolin\u00eb me gruan dhe f\u00ebmij\u00ebt dhe e di se pas [&hellip;]<\/p>\n","protected":false},"author":5,"featured_media":68513,"comment_status":"closed","ping_status":"closed","sticky":false,"template":"","format":"standard","meta":{"footnotes":""},"categories":[1,27451,6332],"tags":[28057],"class_list":{"0":"post-68646","1":"post","2":"type-post","3":"status-publish","4":"format-standard","5":"has-post-thumbnail","7":"category-aktualitet","8":"category-kosova","9":"category-te-fundit","10":"tag-te-darkosh-me-gruan-duke-e-ditur-se-pas-gjysme-ore-do-te-vdese-ja-si-e-shpjegon-neoropsikiatri"},"_links":{"self":[{"href":"https:\/\/jugulajm.net\/index.php?rest_route=\/wp\/v2\/posts\/68646","targetHints":{"allow":["GET"]}}],"collection":[{"href":"https:\/\/jugulajm.net\/index.php?rest_route=\/wp\/v2\/posts"}],"about":[{"href":"https:\/\/jugulajm.net\/index.php?rest_route=\/wp\/v2\/types\/post"}],"author":[{"embeddable":true,"href":"https:\/\/jugulajm.net\/index.php?rest_route=\/wp\/v2\/users\/5"}],"replies":[{"embeddable":true,"href":"https:\/\/jugulajm.net\/index.php?rest_route=%2Fwp%2Fv2%2Fcomments&post=68646"}],"version-history":[{"count":0,"href":"https:\/\/jugulajm.net\/index.php?rest_route=\/wp\/v2\/posts\/68646\/revisions"}],"wp:featuredmedia":[{"embeddable":true,"href":"https:\/\/jugulajm.net\/index.php?rest_route=\/wp\/v2\/media\/68513"}],"wp:attachment":[{"href":"https:\/\/jugulajm.net\/index.php?rest_route=%2Fwp%2Fv2%2Fmedia&parent=68646"}],"wp:term":[{"taxonomy":"category","embeddable":true,"href":"https:\/\/jugulajm.net\/index.php?rest_route=%2Fwp%2Fv2%2Fcategories&post=68646"},{"taxonomy":"post_tag","embeddable":true,"href":"https:\/\/jugulajm.net\/index.php?rest_route=%2Fwp%2Fv2%2Ftags&post=68646"}],"curies":[{"name":"wp","href":"https:\/\/api.w.org\/{rel}","templated":true}]}}