{"id":68616,"date":"2023-12-04T10:09:34","date_gmt":"2023-12-04T09:09:34","guid":{"rendered":"https:\/\/jugulajm.net\/?p=68616"},"modified":"2023-12-04T10:09:34","modified_gmt":"2023-12-04T09:09:34","slug":"kryebashkiaku-i-kucoves-paraqitet-ne-spak-ja-arsyeja","status":"publish","type":"post","link":"https:\/\/jugulajm.net\/?p=68616","title":{"rendered":"Kryebashkiaku i Ku\u00e7ov\u00ebs paraqitet n\u00eb SPAK, ja arsyeja&#8230;"},"content":{"rendered":"<p>Kryebashkiaku i Ku\u00e7ov\u00ebs, Kreshnik Hajdari \u00ebsht\u00eb paraqitur s\u00ebrish n\u00eb SPAK. Hajdari shfaqet n\u00ebn shoq\u00ebrin\u00eb e avokatit t\u00eb tij, Teodhori Sollaku, kryebashkiaku \u00ebsht\u00eb futur n\u00eb ambientet e SPAK. Qet\u00ebsisht dhe me duar n\u00eb xhepa, kryebashkiaku \u00ebsht\u00eb futur n\u00eb SPAK pa b\u00ebr\u00eb asnj\u00eb koment p\u00ebr mediat.<\/p>\n<p>Kujtojm\u00eb se m\u00eb 14 n\u00ebntor Prokuroria e Posa\u00e7me i ka komunikuar akuz\u00ebn kryetarit t\u00eb Bashkis\u00eb s\u00eb Ku\u00e7ov\u00ebs, Kreshnik Hajdari p\u00ebr falsifikim t\u00eb formular\u00ebve, duke u marr\u00eb k\u00ebshtu si i pandehur.<\/p>\n<p>Vendimi u mor vet\u00ebm nj\u00eb dit\u00eb pasi Komisioni Qendror i Zgjedhjeve nuk i nd\u00ebrpreu mandatin Hajdari si kryebashkiaku p\u00ebr nj\u00eb d\u00ebnim prej 4 muajsh n\u00eb Greqi i konvertuar me nj\u00eb gjob\u00eb prej 1500 dhrahmi m\u00eb shum\u00eb se 20 vite m\u00eb par\u00eb.<\/p>\n<p>Sipas Prokuroris\u00eb, Hajdari rezulton q\u00eb n\u00eb 23 qershor t\u00eb vitit 1999 \u00ebsht\u00eb d\u00ebnuar me vendim t\u00eb form\u00ebs s\u00eb prer\u00eb nga Gjykata e Shkall\u00ebs s\u00eb par\u00eb t\u00eb Janin\u00ebs p\u00ebr hyrje t\u00eb paligjshme n\u00eb territorin grek pa leje, duke e d\u00ebnuar at\u00eb me 4 muaj burg.<\/p>\n","protected":false},"excerpt":{"rendered":"<p>Kryebashkiaku i Ku\u00e7ov\u00ebs, Kreshnik Hajdari \u00ebsht\u00eb paraqitur s\u00ebrish n\u00eb SPAK. Hajdari shfaqet n\u00ebn shoq\u00ebrin\u00eb e avokatit t\u00eb tij, Teodhori Sollaku, kryebashkiaku \u00ebsht\u00eb futur n\u00eb ambientet e SPAK. Qet\u00ebsisht dhe me duar n\u00eb xhepa, kryebashkiaku \u00ebsht\u00eb futur n\u00eb SPAK pa b\u00ebr\u00eb asnj\u00eb koment p\u00ebr mediat. Kujtojm\u00eb se m\u00eb 14 n\u00ebntor Prokuroria e Posa\u00e7me i ka komunikuar [&hellip;]<\/p>\n","protected":false},"author":5,"featured_media":61282,"comment_status":"closed","ping_status":"closed","sticky":false,"template":"","format":"standard","meta":{"footnotes":""},"categories":[1,6326,6332],"tags":[20856,28038],"class_list":{"0":"post-68616","1":"post","2":"type-post","3":"status-publish","4":"format-standard","5":"has-post-thumbnail","7":"category-aktualitet","8":"category-politike","9":"category-te-fundit","10":"tag-ja-arsyeja","11":"tag-kryebashkiaku-i-kucoves-paraqitet-ne-spak"},"_links":{"self":[{"href":"https:\/\/jugulajm.net\/index.php?rest_route=\/wp\/v2\/posts\/68616","targetHints":{"allow":["GET"]}}],"collection":[{"href":"https:\/\/jugulajm.net\/index.php?rest_route=\/wp\/v2\/posts"}],"about":[{"href":"https:\/\/jugulajm.net\/index.php?rest_route=\/wp\/v2\/types\/post"}],"author":[{"embeddable":true,"href":"https:\/\/jugulajm.net\/index.php?rest_route=\/wp\/v2\/users\/5"}],"replies":[{"embeddable":true,"href":"https:\/\/jugulajm.net\/index.php?rest_route=%2Fwp%2Fv2%2Fcomments&post=68616"}],"version-history":[{"count":0,"href":"https:\/\/jugulajm.net\/index.php?rest_route=\/wp\/v2\/posts\/68616\/revisions"}],"wp:featuredmedia":[{"embeddable":true,"href":"https:\/\/jugulajm.net\/index.php?rest_route=\/wp\/v2\/media\/61282"}],"wp:attachment":[{"href":"https:\/\/jugulajm.net\/index.php?rest_route=%2Fwp%2Fv2%2Fmedia&parent=68616"}],"wp:term":[{"taxonomy":"category","embeddable":true,"href":"https:\/\/jugulajm.net\/index.php?rest_route=%2Fwp%2Fv2%2Fcategories&post=68616"},{"taxonomy":"post_tag","embeddable":true,"href":"https:\/\/jugulajm.net\/index.php?rest_route=%2Fwp%2Fv2%2Ftags&post=68616"}],"curies":[{"name":"wp","href":"https:\/\/api.w.org\/{rel}","templated":true}]}}