{"id":68605,"date":"2023-12-03T22:28:18","date_gmt":"2023-12-03T21:28:18","guid":{"rendered":"https:\/\/jugulajm.net\/?p=68605"},"modified":"2023-12-03T22:42:18","modified_gmt":"2023-12-03T21:42:18","slug":"flet-vellai-i-liridones-naimi-kishte-shpenzime-mendojme-se-e-vrau-per","status":"publish","type":"post","link":"https:\/\/jugulajm.net\/?p=68605","title":{"rendered":"Flet v\u00ebllai i Liridon\u00ebs: Naimi kishte shpenzime, mendojm\u00eb se e vrau p\u00ebr&#8230;"},"content":{"rendered":"<p>V\u00ebllai i Liridona Ademajt, 30-vje\u00e7ares q\u00eb u vra me arm\u00eb zjarri para disa dit\u00ebsh n\u00eb Prishtin\u00eb ka rr\u00ebfyer p\u00ebr News24 gjith\u00e7ka lidhur me ngjarjen e r\u00ebnd\u00eb, duke treguar se si nis\u00ebn dyshimet te Naim Murseli, bashk\u00ebshorti i motr\u00ebs s\u00eb tij.<\/p>\n<div class=\"insertion-box\">\n<div class=\"\">\n<div id=\"t656cf0ec9846b\" data-p=\"100\">\n<div class=\"medianative\" data-reklama=\"Neptun Alfapress\"><\/div>\n<\/div>\n<\/div>\n<\/div>\n<p>I pyetur se cili mendon se ka qen\u00eb motivi q\u00eb ka shtyr\u00eb Naim Murselin drejt k\u00ebtij akti, Leonard Ademaj tha se ende nuk jan\u00eb t\u00eb sigurt, por dyshimet kryesore q\u00ebndrojn\u00eb tek sigurimi i majm\u00eb financiar q\u00eb kishte Liridona n\u00eb Suedi, aty ku edhe jetonte prej shum\u00eb vitesh me familjen.<\/p>\n<p>Ai ka zbuluar m\u00eb tej se vras\u00ebsi i motr\u00ebs s\u00eb tij si edhe personi q\u00eb ka ndihmuar n\u00eb organizimin e vrasjes nuk jan\u00eb persona t\u00eb panjohur p\u00ebr familjen e tyre.<\/p>\n<p>Ai u shpreh se vras\u00ebsin Granit Plava e njohin pak, pasi nuk kan\u00eb pasur biseda me t\u00eb, nd\u00ebrsa Kushtrim Kokall\u00ebn, pjes\u00ebtarin e FSK-s\u00eb, e njohin shum\u00eb mir\u00eb pasi sipas tij ky i fundit ka ngr\u00ebn\u00eb buk\u00eb dhe ka q\u00ebndruar n\u00eb banes\u00ebn e familjes Ademaj.<\/p>\n<p><strong>Pjes\u00eb nga intervista:<\/strong><\/p>\n<p><strong>Leonard Ademaj:<\/strong>\u00a0Pasi mb\u00ebrrit\u00ebm n\u00eb sht\u00ebpin\u00eb ton\u00eb k\u00ebtu, babai tha se nuk duhet t\u00eb shkojm\u00eb atje. Babai tha se n\u00ebse Naimi do ishte burr\u00eb do e kishte mbrojtur Liridon\u00ebn. Pas pak minutash doli n\u00eb lajme se Naim Murseli ishte arrestuar.<\/p>\n<p>Kishin 13 vjet martes\u00eb. N\u00eb Suedi Liridona ka kryer nj\u00eb shkoll\u00eb, m\u00eb pas ka punuar me t\u00eb moshuarit deri sa hap\u00ebn biznesin e tyre t\u00eb pastrimit. Liridona ka qen\u00eb shum\u00eb e lumtur, nuk ka pasur di\u00e7ka n\u00eb k\u00ebto vite martes\u00eb. Nuk kemi dijeni q\u00eb ka pasur nj\u00eb proces divorci mes tyre, nuk \u00ebsht\u00eb e v\u00ebrtet\u00eb.<\/p>\n<p><strong>Cili mendoni se ka qen\u00eb motivi i Naimit p\u00ebr k\u00ebt\u00eb akt t\u00eb r\u00ebnd\u00eb?<\/strong><\/p>\n<p><strong>Leonard Ademaj:<\/strong>\u00a0Tani mund t\u00eb kemi shum\u00eb mendime se p\u00ebrse e ka b\u00ebr\u00eb at\u00eb akt Naimi. Mendimet tona jan\u00eb se Naimi q\u00eb kur \u00ebsht\u00eb kthyer ka pasur shpenzime dhe motra jon\u00eb kishte nj\u00eb siguracion t\u00eb madh n\u00eb Suedi dhe mos ndoshta ai ka menduar ta vriste dhe t\u00eb merrte nj\u00eb shum\u00eb t\u00eb konsiderueshme t\u00eb parave. Mendojm\u00eb se ai ka qen\u00eb q\u00ebllimi kryesor dhe pse mund t\u00eb ket\u00eb pasur q\u00ebllime t\u00eb tjera.<\/p>\n<p><strong>A i njihni vras\u00ebsit e Liridon\u00ebs?<\/strong><\/p>\n<p><strong>Leonard Ademaj:\u00a0<\/strong>Vras\u00ebsin e njohim pak, nuk kemi pasur biseda me t\u00eb, nd\u00ebrsa personin bashk\u00ebpun\u00ebtor e njohim personalisht. Ka qen\u00eb tek ne disa her\u00eb, ka ngr\u00ebn\u00eb buk\u00eb n\u00eb sht\u00ebpin\u00eb ton\u00eb dhe ka fjetur n\u00eb sht\u00ebpin\u00eb ton\u00eb. E njohim shum\u00eb mir\u00eb.<\/p>\n<p><strong>Ku ndodhen f\u00ebmij\u00ebt e Liridon\u00ebs n\u00eb k\u00ebto momente?<\/strong><\/p>\n<p><strong>Leonard Ademaj:<\/strong>F\u00ebmij\u00ebt e Liridon\u00ebs jan\u00eb n\u00eb sht\u00ebpin\u00eb e gjysh\u00ebrve t\u00eb tyre, prind\u00ebrve t\u00eb Naimit. Atje po kujdesen p\u00ebr ta.<\/p>\n","protected":false},"excerpt":{"rendered":"<p>V\u00ebllai i Liridona Ademajt, 30-vje\u00e7ares q\u00eb u vra me arm\u00eb zjarri para disa dit\u00ebsh n\u00eb Prishtin\u00eb ka rr\u00ebfyer p\u00ebr News24 gjith\u00e7ka lidhur me ngjarjen e r\u00ebnd\u00eb, duke treguar se si nis\u00ebn dyshimet te Naim Murseli, bashk\u00ebshorti i motr\u00ebs s\u00eb tij. I pyetur se cili mendon se ka qen\u00eb motivi q\u00eb ka shtyr\u00eb Naim Murselin drejt [&hellip;]<\/p>\n","protected":false},"author":5,"featured_media":68608,"comment_status":"closed","ping_status":"closed","sticky":false,"template":"","format":"standard","meta":{"footnotes":""},"categories":[1,27451,6332],"tags":[28035,28036],"class_list":{"0":"post-68605","1":"post","2":"type-post","3":"status-publish","4":"format-standard","5":"has-post-thumbnail","7":"category-aktualitet","8":"category-kosova","9":"category-te-fundit","10":"tag-flet-vellai-i-liridones-naimi-kishte-shpenzime","11":"tag-mendojme-se-e-vrau-per"},"_links":{"self":[{"href":"https:\/\/jugulajm.net\/index.php?rest_route=\/wp\/v2\/posts\/68605","targetHints":{"allow":["GET"]}}],"collection":[{"href":"https:\/\/jugulajm.net\/index.php?rest_route=\/wp\/v2\/posts"}],"about":[{"href":"https:\/\/jugulajm.net\/index.php?rest_route=\/wp\/v2\/types\/post"}],"author":[{"embeddable":true,"href":"https:\/\/jugulajm.net\/index.php?rest_route=\/wp\/v2\/users\/5"}],"replies":[{"embeddable":true,"href":"https:\/\/jugulajm.net\/index.php?rest_route=%2Fwp%2Fv2%2Fcomments&post=68605"}],"version-history":[{"count":0,"href":"https:\/\/jugulajm.net\/index.php?rest_route=\/wp\/v2\/posts\/68605\/revisions"}],"wp:featuredmedia":[{"embeddable":true,"href":"https:\/\/jugulajm.net\/index.php?rest_route=\/wp\/v2\/media\/68608"}],"wp:attachment":[{"href":"https:\/\/jugulajm.net\/index.php?rest_route=%2Fwp%2Fv2%2Fmedia&parent=68605"}],"wp:term":[{"taxonomy":"category","embeddable":true,"href":"https:\/\/jugulajm.net\/index.php?rest_route=%2Fwp%2Fv2%2Fcategories&post=68605"},{"taxonomy":"post_tag","embeddable":true,"href":"https:\/\/jugulajm.net\/index.php?rest_route=%2Fwp%2Fv2%2Ftags&post=68605"}],"curies":[{"name":"wp","href":"https:\/\/api.w.org\/{rel}","templated":true}]}}