{"id":68572,"date":"2023-12-03T11:20:35","date_gmt":"2023-12-03T10:20:35","guid":{"rendered":"https:\/\/jugulajm.net\/?p=68572"},"modified":"2023-12-03T11:20:35","modified_gmt":"2023-12-03T10:20:35","slug":"greqi-42-vjecari-shqiptar-humb-jeten-ne-burg-ja-dyshimet","status":"publish","type":"post","link":"https:\/\/jugulajm.net\/?p=68572","title":{"rendered":"Greqi\/ 42-vje\u00e7ari shqiptar humb jet\u00ebn n\u00eb burg, ja dyshimet&#8230;"},"content":{"rendered":"<p>Nj\u00eb shtetas shqiptar i burgosur n\u00eb Greqi ka humbur jet\u00ebn n\u00eb ambientet e qelis\u00eb.<\/p>\n<p><a href=\"https:\/\/www.pronews.gr\/amyna-asfaleia\/esoteriki-asfaleia\/fylakes-trikalon-nekros-vrethike-42xronos-alvanos-kratoumenos\/\">Mediat greke<\/a> b\u00ebjn\u00eb me dije se 42-vje\u00e7ari, identiteti i t\u00eb cilit ende nuk dihet, q\u00eb vuante d\u00ebnimin n\u00eb burgun \u201cBalkoura\u201d, \u00ebsht\u00eb transportuar pa shenja jete drejt spitalit t\u00eb Trikallas.<\/p>\n<p>Sipas t\u00eb dh\u00ebnave t\u00eb para dyshohet se vdekja i ka ardhur p\u00ebr shkaqe patologjike, por do t\u00eb jen\u00eb ekspert\u00ebt mjeko ligjor\u00eb ata q\u00eb do t\u00eb thon\u00eb fjal\u00ebn e fundit lidhur me k\u00ebt\u00eb ngjarje.<\/p>\n","protected":false},"excerpt":{"rendered":"<p>Nj\u00eb shtetas shqiptar i burgosur n\u00eb Greqi ka humbur jet\u00ebn n\u00eb ambientet e qelis\u00eb. Mediat greke b\u00ebjn\u00eb me dije se 42-vje\u00e7ari, identiteti i t\u00eb cilit ende nuk dihet, q\u00eb vuante d\u00ebnimin n\u00eb burgun \u201cBalkoura\u201d, \u00ebsht\u00eb transportuar pa shenja jete drejt spitalit t\u00eb Trikallas. Sipas t\u00eb dh\u00ebnave t\u00eb para dyshohet se vdekja i ka ardhur p\u00ebr [&hellip;]<\/p>\n","protected":false},"author":5,"featured_media":47349,"comment_status":"closed","ping_status":"closed","sticky":false,"template":"","format":"standard","meta":{"footnotes":""},"categories":[1,6332],"tags":[28018,20344],"class_list":{"0":"post-68572","1":"post","2":"type-post","3":"status-publish","4":"format-standard","5":"has-post-thumbnail","7":"category-aktualitet","8":"category-te-fundit","9":"tag-greqi-42-vjecari-shqiptar-humb-jeten-ne-burg","10":"tag-ja-dyshimet"},"_links":{"self":[{"href":"https:\/\/jugulajm.net\/index.php?rest_route=\/wp\/v2\/posts\/68572","targetHints":{"allow":["GET"]}}],"collection":[{"href":"https:\/\/jugulajm.net\/index.php?rest_route=\/wp\/v2\/posts"}],"about":[{"href":"https:\/\/jugulajm.net\/index.php?rest_route=\/wp\/v2\/types\/post"}],"author":[{"embeddable":true,"href":"https:\/\/jugulajm.net\/index.php?rest_route=\/wp\/v2\/users\/5"}],"replies":[{"embeddable":true,"href":"https:\/\/jugulajm.net\/index.php?rest_route=%2Fwp%2Fv2%2Fcomments&post=68572"}],"version-history":[{"count":0,"href":"https:\/\/jugulajm.net\/index.php?rest_route=\/wp\/v2\/posts\/68572\/revisions"}],"wp:featuredmedia":[{"embeddable":true,"href":"https:\/\/jugulajm.net\/index.php?rest_route=\/wp\/v2\/media\/47349"}],"wp:attachment":[{"href":"https:\/\/jugulajm.net\/index.php?rest_route=%2Fwp%2Fv2%2Fmedia&parent=68572"}],"wp:term":[{"taxonomy":"category","embeddable":true,"href":"https:\/\/jugulajm.net\/index.php?rest_route=%2Fwp%2Fv2%2Fcategories&post=68572"},{"taxonomy":"post_tag","embeddable":true,"href":"https:\/\/jugulajm.net\/index.php?rest_route=%2Fwp%2Fv2%2Ftags&post=68572"}],"curies":[{"name":"wp","href":"https:\/\/api.w.org\/{rel}","templated":true}]}}