{"id":68551,"date":"2023-12-02T18:21:24","date_gmt":"2023-12-02T17:21:24","guid":{"rendered":"https:\/\/jugulajm.net\/?p=68551"},"modified":"2023-12-02T18:21:24","modified_gmt":"2023-12-02T17:21:24","slug":"vrasja-ne-kosove-flet-babai-i-liridones-nisa-te-dyshoj-kur-naimi-me-tha-se","status":"publish","type":"post","link":"https:\/\/jugulajm.net\/?p=68551","title":{"rendered":"Vrasja n\u00eb Kosov\u00eb\/ Flet babai i Liridon\u00ebs: Nisa t\u00eb dyshoj kur Naimi m\u00eb tha se&#8230;"},"content":{"rendered":"<p>Detaje t\u00eb reja jan\u00eb zbuluar n\u00eb lidhje me vrasjen e Liridona Murselit nga bashk\u00ebshorti i saj Naim Murseli.<\/p>\n<p>Hajdar Ademaj, babai i viktim\u00ebs, \u00ebsht\u00eb shprehur p\u00ebr News24 se \u00ebsht\u00eb njoftuar p\u00ebr lajmin e r\u00ebnd\u00eb nga Naim Murseli, bashk\u00ebshorti i vajz\u00ebs s\u00eb tij, i cili tanim\u00eb konsiderohet si i dyshuari kryesor p\u00ebr porositjen e vrasjes s\u00eb t\u00eb bij\u00ebs.<\/p>\n<p><strong>Si e m\u00ebsuat lajmin e vrasjes s\u00eb vajz\u00ebs?<\/strong><\/p>\n<p><em>M\u00eb lajm\u00ebroi ai Naimi, pasi e mor\u00ebm vesh q\u00eb ishte vrar\u00eb shkuam p\u00ebr t\u00eb gjetur \u00e7ik\u00ebn se ku \u00ebsht\u00eb. Kemi shkuar dhe Naimi na kishte prer\u00eb n\u00eb bes\u00eb ne. Si \u00ebsht\u00eb puna e pyeta Naimin. Nisi t\u00eb m\u00eb tregonte.\u2019 Po ecnim n\u00eb rrug\u00eb dhe ka na kan\u00eb prer\u00eb rrug\u00ebs. Ka th\u00ebn\u00eb Liridona ndale makin\u00ebn. Un\u00eb e hapa der\u00ebn time. Si \u00ebsht\u00eb kjo puna q\u00eb m\u2019u vra vajza n\u00eb makin\u00eb. I thash\u00eb \u2018si e l\u00eb vajz\u00ebn n\u00eb makin\u00eb\u2019. Tha \u2018Liridon\u00ebs i k\u00ebrkuan parat\u00eb dhe ajo nuk i dha\u2019. Aty kam dyshuar un\u00eb. Policia nuk na ka k\u00ebrkuar t\u00eb jepnim deklarat\u00eb.<\/em><\/p>\n<p><em>Vajza asnj\u00ebher\u00eb nuk ka treguar se ka pasur probleme me burrin. Vajza ka jetuar n\u00eb Suedi dhe ka pasur sigurim dhe para t\u00eb m\u00ebdha. Ky \u00ebsht\u00eb dyshimi, p\u00ebr parat\u00eb e sigurimit.<\/em><\/p>\n","protected":false},"excerpt":{"rendered":"<p>Detaje t\u00eb reja jan\u00eb zbuluar n\u00eb lidhje me vrasjen e Liridona Murselit nga bashk\u00ebshorti i saj Naim Murseli. Hajdar Ademaj, babai i viktim\u00ebs, \u00ebsht\u00eb shprehur p\u00ebr News24 se \u00ebsht\u00eb njoftuar p\u00ebr lajmin e r\u00ebnd\u00eb nga Naim Murseli, bashk\u00ebshorti i vajz\u00ebs s\u00eb tij, i cili tanim\u00eb konsiderohet si i dyshuari kryesor p\u00ebr porositjen e vrasjes s\u00eb [&hellip;]<\/p>\n","protected":false},"author":5,"featured_media":68552,"comment_status":"closed","ping_status":"closed","sticky":false,"template":"","format":"standard","meta":{"footnotes":""},"categories":[1,27451,6332],"tags":[28010],"class_list":{"0":"post-68551","1":"post","2":"type-post","3":"status-publish","4":"format-standard","5":"has-post-thumbnail","7":"category-aktualitet","8":"category-kosova","9":"category-te-fundit","10":"tag-vrasja-ne-kosove-flet-babai-i-liridones-nisa-te-dyshoj-kur-naimi-me-tha-se"},"_links":{"self":[{"href":"https:\/\/jugulajm.net\/index.php?rest_route=\/wp\/v2\/posts\/68551","targetHints":{"allow":["GET"]}}],"collection":[{"href":"https:\/\/jugulajm.net\/index.php?rest_route=\/wp\/v2\/posts"}],"about":[{"href":"https:\/\/jugulajm.net\/index.php?rest_route=\/wp\/v2\/types\/post"}],"author":[{"embeddable":true,"href":"https:\/\/jugulajm.net\/index.php?rest_route=\/wp\/v2\/users\/5"}],"replies":[{"embeddable":true,"href":"https:\/\/jugulajm.net\/index.php?rest_route=%2Fwp%2Fv2%2Fcomments&post=68551"}],"version-history":[{"count":0,"href":"https:\/\/jugulajm.net\/index.php?rest_route=\/wp\/v2\/posts\/68551\/revisions"}],"wp:featuredmedia":[{"embeddable":true,"href":"https:\/\/jugulajm.net\/index.php?rest_route=\/wp\/v2\/media\/68552"}],"wp:attachment":[{"href":"https:\/\/jugulajm.net\/index.php?rest_route=%2Fwp%2Fv2%2Fmedia&parent=68551"}],"wp:term":[{"taxonomy":"category","embeddable":true,"href":"https:\/\/jugulajm.net\/index.php?rest_route=%2Fwp%2Fv2%2Fcategories&post=68551"},{"taxonomy":"post_tag","embeddable":true,"href":"https:\/\/jugulajm.net\/index.php?rest_route=%2Fwp%2Fv2%2Ftags&post=68551"}],"curies":[{"name":"wp","href":"https:\/\/api.w.org\/{rel}","templated":true}]}}