{"id":68456,"date":"2023-11-30T16:55:53","date_gmt":"2023-11-30T15:55:53","guid":{"rendered":"https:\/\/jugulajm.net\/?p=68456"},"modified":"2023-11-30T16:56:17","modified_gmt":"2023-11-30T15:56:17","slug":"emrat-foto-u-vra-sot-nga-fqinji-per-1-kanal-ja-kush-eshte-65-vjecari","status":"publish","type":"post","link":"https:\/\/jugulajm.net\/?p=68456","title":{"rendered":"EMRAT-FOTO\/ U vra sot nga fqinji p\u00ebr 1 kanal, ja kush \u00ebsht\u00eb 65-vje\u00e7ari"},"content":{"rendered":"<p>Nj\u00eb ngjarje e r\u00ebnd\u00eb ka ndodhur dit\u00ebn e sotme n\u00eb Laknas t\u00eb Kamz\u00ebs, nd\u00ebrsa si pasoj\u00eb e nj\u00eb konflikti mes fqinj\u00ebve ka mbetur viktim\u00eb 65-vje\u00e7ari Shefqet Hasa.<\/p>\n<p>Nj\u00eb kanal n\u00eb af\u00ebrsi t\u00eb banes\u00ebs, m\u00ebsohet t\u00eb ket\u00eb qen\u00eb motivi i debateve mes fqinj\u00ebve Maliq Marku, Shefqet Hasa, Besim Ke\u00e7a q\u00eb m\u00eb pas ka degraduar n\u00eb p\u00ebrdorimin e arm\u00ebs.<\/p>\n<p>Ka qen\u00eb 70-vje\u00e7ari Marku q\u00eb ka marr\u00eb arm\u00ebn dhe ka q\u00eblluar n\u00eb drejtim t\u00eb dy fqinj\u00ebve t\u00eb tjer\u00eb, duke l\u00ebn\u00eb t\u00eb vdekur Shefqet Has\u00ebn dhe t\u00eb plagosur Besim Ke\u00e7in.<\/p>\n<p>M\u00ebsohet se konflikti \u00ebsht\u00eb i vjet\u00ebr, prej tre vitesh dhe Policia ka qen\u00eb n\u00eb dijeni p\u00ebr z\u00ebnkat e m\u00ebparshme.<\/p>\n<p>Sipas t\u00eb dh\u00ebnave, viktima punonte shofer me linj\u00ebn e Kamz\u00ebs.<\/p>\n","protected":false},"excerpt":{"rendered":"<p>Nj\u00eb ngjarje e r\u00ebnd\u00eb ka ndodhur dit\u00ebn e sotme n\u00eb Laknas t\u00eb Kamz\u00ebs, nd\u00ebrsa si pasoj\u00eb e nj\u00eb konflikti mes fqinj\u00ebve ka mbetur viktim\u00eb 65-vje\u00e7ari Shefqet Hasa. Nj\u00eb kanal n\u00eb af\u00ebrsi t\u00eb banes\u00ebs, m\u00ebsohet t\u00eb ket\u00eb qen\u00eb motivi i debateve mes fqinj\u00ebve Maliq Marku, Shefqet Hasa, Besim Ke\u00e7a q\u00eb m\u00eb pas ka degraduar n\u00eb p\u00ebrdorimin [&hellip;]<\/p>\n","protected":false},"author":5,"featured_media":68457,"comment_status":"closed","ping_status":"closed","sticky":false,"template":"","format":"standard","meta":{"footnotes":""},"categories":[1,6332],"tags":[27969,27970],"class_list":{"0":"post-68456","1":"post","2":"type-post","3":"status-publish","4":"format-standard","5":"has-post-thumbnail","7":"category-aktualitet","8":"category-te-fundit","9":"tag-emrat-foto-u-vra-sot-nga-fqinji-per-1-kanal","10":"tag-ja-kush-eshte-65-vjecari"},"_links":{"self":[{"href":"https:\/\/jugulajm.net\/index.php?rest_route=\/wp\/v2\/posts\/68456","targetHints":{"allow":["GET"]}}],"collection":[{"href":"https:\/\/jugulajm.net\/index.php?rest_route=\/wp\/v2\/posts"}],"about":[{"href":"https:\/\/jugulajm.net\/index.php?rest_route=\/wp\/v2\/types\/post"}],"author":[{"embeddable":true,"href":"https:\/\/jugulajm.net\/index.php?rest_route=\/wp\/v2\/users\/5"}],"replies":[{"embeddable":true,"href":"https:\/\/jugulajm.net\/index.php?rest_route=%2Fwp%2Fv2%2Fcomments&post=68456"}],"version-history":[{"count":0,"href":"https:\/\/jugulajm.net\/index.php?rest_route=\/wp\/v2\/posts\/68456\/revisions"}],"wp:featuredmedia":[{"embeddable":true,"href":"https:\/\/jugulajm.net\/index.php?rest_route=\/wp\/v2\/media\/68457"}],"wp:attachment":[{"href":"https:\/\/jugulajm.net\/index.php?rest_route=%2Fwp%2Fv2%2Fmedia&parent=68456"}],"wp:term":[{"taxonomy":"category","embeddable":true,"href":"https:\/\/jugulajm.net\/index.php?rest_route=%2Fwp%2Fv2%2Fcategories&post=68456"},{"taxonomy":"post_tag","embeddable":true,"href":"https:\/\/jugulajm.net\/index.php?rest_route=%2Fwp%2Fv2%2Ftags&post=68456"}],"curies":[{"name":"wp","href":"https:\/\/api.w.org\/{rel}","templated":true}]}}