{"id":68449,"date":"2023-11-30T14:28:36","date_gmt":"2023-11-30T13:28:36","guid":{"rendered":"https:\/\/jugulajm.net\/?p=68449"},"modified":"2023-11-30T14:28:36","modified_gmt":"2023-11-30T13:28:36","slug":"gerdeci-mediu-kam-pergjegjesi-morale-dhe-jo-penale-sepse","status":"publish","type":"post","link":"https:\/\/jugulajm.net\/?p=68449","title":{"rendered":"G\u00ebrdeci\/ Mediu: Kam p\u00ebrgjegj\u00ebsi morale dhe jo penale, sepse&#8230;"},"content":{"rendered":"<p>Ish-ministri i Mbrojtjes Fatmir Mediu, \u00ebsht\u00eb paraqitur n\u00eb GJKKO k\u00ebt\u00eb t\u00eb enjte, n\u00eb seanc\u00ebn gjyq\u00ebsore ku do t\u00eb pyeten d\u00ebshmitar\u00ebt e radh\u00ebs p\u00ebr \u00e7\u00ebshtjen \u201cG\u00ebrdeci\u201d.<\/p>\n<p>Fjal\u00ebn e tij p\u00ebrpara gjykat\u00ebs, Mediu e nisi me nj\u00eb ndjes\u00eb ndaj familjar\u00ebve t\u00eb viktimave, p\u00ebr t\u00eb cil\u00ebt tha se do t\u00eb donte ta zhb\u00ebnte at\u00eb ngjarje, por q\u00eb nuk ka forc\u00eb.<\/p>\n<p>Mediu theksoi se ka p\u00ebrgjegj\u00ebsi morale n\u00eb lidhje me ngjarjen dhe p\u00ebr k\u00ebt\u00eb ka dh\u00ebn\u00eb dor\u00ebheqjen n\u00eb koh\u00ebn q\u00eb ka ndodhur shp\u00ebrthimi.<\/p>\n<p>P\u00ebr sa i p\u00ebrket p\u00ebrgj\u00ebgj\u00ebsis\u00eb penale Mediu theksoi se \u00ebsht\u00eb i pafajsh\u00ebm dhe akuza e SPAK p\u00ebr \u201cShp\u00ebrdorim detyre\u201d \u00ebsht\u00eb e pabaz\u00eb.<\/p>\n<p>Ai n\u00ebnvizoi se ka qen\u00eb gjithmon\u00eb n\u00eb dispozicion t\u00eb drejt\u00ebsis\u00eb p\u00ebr k\u00ebt\u00eb \u00e7\u00ebshtje, por tashm\u00eb afatet ligjore kan\u00eb kaluar dhe \u00e7\u00ebshtja duhet t\u00eb ishte parashkruar.<\/p>\n","protected":false},"excerpt":{"rendered":"<p>Ish-ministri i Mbrojtjes Fatmir Mediu, \u00ebsht\u00eb paraqitur n\u00eb GJKKO k\u00ebt\u00eb t\u00eb enjte, n\u00eb seanc\u00ebn gjyq\u00ebsore ku do t\u00eb pyeten d\u00ebshmitar\u00ebt e radh\u00ebs p\u00ebr \u00e7\u00ebshtjen \u201cG\u00ebrdeci\u201d. Fjal\u00ebn e tij p\u00ebrpara gjykat\u00ebs, Mediu e nisi me nj\u00eb ndjes\u00eb ndaj familjar\u00ebve t\u00eb viktimave, p\u00ebr t\u00eb cil\u00ebt tha se do t\u00eb donte ta zhb\u00ebnte at\u00eb ngjarje, por q\u00eb nuk [&hellip;]<\/p>\n","protected":false},"author":5,"featured_media":54930,"comment_status":"closed","ping_status":"closed","sticky":false,"template":"","format":"standard","meta":{"footnotes":""},"categories":[1,6326,6332],"tags":[27965,21049],"class_list":{"0":"post-68449","1":"post","2":"type-post","3":"status-publish","4":"format-standard","5":"has-post-thumbnail","7":"category-aktualitet","8":"category-politike","9":"category-te-fundit","10":"tag-gerdeci-mediu-kam-pergjegjesi-morale-dhe-jo-penale","11":"tag-sepse"},"_links":{"self":[{"href":"https:\/\/jugulajm.net\/index.php?rest_route=\/wp\/v2\/posts\/68449","targetHints":{"allow":["GET"]}}],"collection":[{"href":"https:\/\/jugulajm.net\/index.php?rest_route=\/wp\/v2\/posts"}],"about":[{"href":"https:\/\/jugulajm.net\/index.php?rest_route=\/wp\/v2\/types\/post"}],"author":[{"embeddable":true,"href":"https:\/\/jugulajm.net\/index.php?rest_route=\/wp\/v2\/users\/5"}],"replies":[{"embeddable":true,"href":"https:\/\/jugulajm.net\/index.php?rest_route=%2Fwp%2Fv2%2Fcomments&post=68449"}],"version-history":[{"count":0,"href":"https:\/\/jugulajm.net\/index.php?rest_route=\/wp\/v2\/posts\/68449\/revisions"}],"wp:featuredmedia":[{"embeddable":true,"href":"https:\/\/jugulajm.net\/index.php?rest_route=\/wp\/v2\/media\/54930"}],"wp:attachment":[{"href":"https:\/\/jugulajm.net\/index.php?rest_route=%2Fwp%2Fv2%2Fmedia&parent=68449"}],"wp:term":[{"taxonomy":"category","embeddable":true,"href":"https:\/\/jugulajm.net\/index.php?rest_route=%2Fwp%2Fv2%2Fcategories&post=68449"},{"taxonomy":"post_tag","embeddable":true,"href":"https:\/\/jugulajm.net\/index.php?rest_route=%2Fwp%2Fv2%2Ftags&post=68449"}],"curies":[{"name":"wp","href":"https:\/\/api.w.org\/{rel}","templated":true}]}}