{"id":68427,"date":"2023-11-29T20:26:14","date_gmt":"2023-11-29T19:26:14","guid":{"rendered":"https:\/\/jugulajm.net\/?p=68427"},"modified":"2023-11-29T20:57:33","modified_gmt":"2023-11-29T19:57:33","slug":"rrefehet-aktori-flloko-babai-im-shkoi-nga-gjirokastra-te-punonte-ne-peje-dhe-mandej","status":"publish","type":"post","link":"https:\/\/jugulajm.net\/?p=68427","title":{"rendered":"Rr\u00ebfehet aktori Flloko: Babai im shkoi nga Gjirokastra t\u00eb punonte n\u00eb Pej\u00eb dhe mandej&#8230;"},"content":{"rendered":"<p>N\u00eb emisionin\u00a0 \u201cOpinion\u201d, n\u00eb Tv Klan, \u00ebsht\u00eb ftuar nj\u00eb personazh i r\u00ebnd\u00ebsish\u00ebm i shoq\u00ebris\u00eb shqiptare, aktori i madh Timo Flloko.<\/p>\n<div class=\"jeg_ad jeg_ad_article jnews_content_inline_ads\">\n<div class=\"ads-wrapper align-center\">\n<div class=\"ads_code\">P\u00ebrtej ekranit, karriera dhe jeta e tij \u00ebsht\u00eb po aq interesante sa edhe p\u00ebrpara ekranit.<\/div>\n<div class=\"ads_code\">Si rrall\u00ebher\u00eb m\u00eb par\u00eb, Flloko ka folur p\u00ebr f\u00ebmij\u00ebrin\u00eb dhe ka treguar se ka lindur n\u00eb Pej\u00eb e \u00ebsht\u00eb zhvendosur n\u00eb Vlor\u00eb n\u00eb mosh\u00ebn 8-vje\u00e7are.<\/div>\n<div><\/div>\n<\/div>\n<\/div>\n<p>Ai tregoi se babai i tij shkonte si mjek n\u00eb spitalin e Pej\u00ebs nga Gjirokastra, por ministria e d\u00ebrgoi n\u00eb Vlor\u00eb, atje ku u vendos edhe Timo Flloko p\u00ebr nj\u00eb pjes\u00eb t\u00eb madhe t\u00eb jet\u00ebs s\u00eb tij.<\/p>\n<div class=\"jeg_ad jeg_ad_article jnews_content_inline_2_ads\">\n<div class=\"ads-wrapper align-center\">\n<div class=\"ads_code\"><\/div>\n<\/div>\n<\/div>\n<p><strong>Timo Flloko:\u00a0<\/strong><em>Deri n\u00eb 8 vjet jam rritur n\u00eb Pej\u00eb. Kam lindur n\u00eb Pej\u00eb.<\/em><\/p>\n<p><strong>Blendi Fevziu:<\/strong>\u00a0<em>Ke lindur n\u00eb Pej\u00eb?<\/em><\/p>\n<p><strong>Timo Flloko:\u00a0<\/strong><em>Po.<\/em><\/p>\n<p><strong>Blendi Fevziu:<\/strong>\u00a0<em>Dhe deri 8 vje\u00e7 n\u00eb Pej\u00eb? E mban mend Pej\u00ebn?<\/em><\/p>\n<p><strong>Timo Flloko:\u00a0<\/strong><em>Sigurisht q\u00eb e mbaj mend dhe kam shkuar n\u00eb Pej\u00eb shum\u00eb her\u00eb. Pas, sigurisht, pas viteve \u201890. Babai ka qen\u00eb at\u00ebher\u00eb, kur kan\u00eb qen\u00eb ato brigadat partizane, ka qen\u00eb mjek. Edhe shkoj atje si mjek bashk\u00eb me xhaxhain, kur u kthyem\u2026 Ne kemi ardhur n\u00eb koh\u00ebn kur u prish\u00ebn marr\u00ebdh\u00ebniet.<\/em><\/p>\n<p><strong>Blendi Fevziu:<\/strong>\u00a0<em>Po babai ishte me origjin\u00eb nga?<\/em><\/p>\n<p><strong>Timo Flloko:\u00a0<\/strong><em>Gjirokastra.<\/em><\/p>\n<p><strong>Blendi Fevziu:\u00a0<\/strong><em>Nga Gjirokastra. Dhe nga Gjirokastra punonte n\u00eb Pej\u00eb, ku ti ke lindur?<\/em><\/p>\n<p><strong>Timo Flloko:<\/strong>\u00a0<em>N\u00eb Pej\u00eb sepse shkuam atje me ato brigadat partizane n\u00eb ndihm\u00eb t\u00eb Kosov\u00ebs. Ai ishte mjek, kishte mbaruar Sorbon\u00ebn dhe u b\u00eb drejto i spitalit t\u00eb Pej\u00ebs. Xhaxhai ishte presor i shquar.<\/em><\/p>\n<p><strong>Blendi Fevziu:<\/strong>\u00a0<em>Pra shkonin t\u00eb dy dhe babai dhe xhaxhai n\u00eb Pej\u00eb?<\/em><\/p>\n<p><strong>Timo Flloko:<\/strong>\u00a0<em>Sigurisht.<\/em><\/p>\n<p><strong>Blendi Fevziu:<\/strong>\u00a0<em>Pra dy v\u00ebllez\u00ebr, le t\u00eb themi nga Gjirokastra, t\u00eb diplomuar nj\u00ebri n\u00eb Sorbon\u00eb\u2026<\/em><\/p>\n<p><strong>Timo Flloko:\u00a0<\/strong><em>Nj\u00ebri n\u00eb Itali, n\u00eb Rom\u00eb.<\/em><\/p>\n<p><strong>Blendi Fevziu:<\/strong>\u00a0<em>Dhe shkuan n\u00eb Pej\u00eb, p\u00ebr t\u00eb kontribuuar n\u00eb spitalin e Pej\u00ebs?<\/em><\/p>\n<p><strong>Timo Flloko:\u00a0<\/strong><em>Po sepse ashtu ishin rrethanat, me qen\u00eb se ishin n\u00eb Shqip\u00ebri.<\/em><\/p>\n<p><strong>Blendi Fevziu:<\/strong>\u00a0<em>Me dhjet\u00ebra m\u00ebsues kan\u00eb shkuar n\u00eb Kosov\u00eb nga Shqip\u00ebria q\u00eb kishin mbaruar shkollat m\u00eb t\u00eb mira Evropiane, n\u00eb at\u00eb koh\u00eb. Dhe deri 8 vje\u00e7 u rrite n\u00eb Pej\u00eb?<\/em><\/p>\n<p><strong>Timo Flloko:<\/strong>\u00a0<em>U rrita n\u00eb Pej\u00eb, pastaj n\u00eb Vlor\u00eb\u2026<\/em><\/p>\n<p><strong>Blendi Fevziu:\u00a0<\/strong><em>Kontaktet e para ti i ke pasur me shqiptar\u00ebt e Kosov\u00ebs, f\u00ebmij\u00ebria, shok\u00ebt e f\u00ebmij\u00ebris\u00eb?<\/em><\/p>\n<p><strong>Timo Flloko:<\/strong>\u00a0<em>Po. K\u00ebshtu q\u00eb kam kujtime entuziaste, shum\u00eb t\u00eb mira.<\/em><\/p>\n<p><strong>Blendi Fevziu:<\/strong>\u00a0<em>Dhe n\u00eb mosh\u00ebn 8 vje\u00e7are u transferuar n\u00eb Shqip\u00ebri.<\/em><\/p>\n<p><strong>Timo Flloko:\u00a0<\/strong><em>N\u00eb Shqip\u00ebri, babai u vendos n\u00eb Vlor\u00eb.<\/em><\/p>\n<p><strong>Blendi Fevziu:\u00a0<\/strong><em>Pse u vendos n\u00eb Vlor\u00eb Timo?<\/em><\/p>\n<p><strong>Timo Flloko:\u00a0<\/strong><em>Sepse at\u00ebher\u00eb e d\u00ebrgoi ministria. Ai ishte mjek , luftoi malarien, s\u00ebmundjet veneriane. Kishte nevoj\u00eb p\u00ebr mjek dhe ai ka b\u00ebr\u00eb nj\u00eb pun\u00eb shum\u00eb t\u00eb madhe dhe u dashurua me Vlor\u00ebn.<\/em><\/p>\n","protected":false},"excerpt":{"rendered":"<p>N\u00eb emisionin\u00a0 \u201cOpinion\u201d, n\u00eb Tv Klan, \u00ebsht\u00eb ftuar nj\u00eb personazh i r\u00ebnd\u00ebsish\u00ebm i shoq\u00ebris\u00eb shqiptare, aktori i madh Timo Flloko. P\u00ebrtej ekranit, karriera dhe jeta e tij \u00ebsht\u00eb po aq interesante sa edhe p\u00ebrpara ekranit. Si rrall\u00ebher\u00eb m\u00eb par\u00eb, Flloko ka folur p\u00ebr f\u00ebmij\u00ebrin\u00eb dhe ka treguar se ka lindur n\u00eb Pej\u00eb e \u00ebsht\u00eb zhvendosur [&hellip;]<\/p>\n","protected":false},"author":5,"featured_media":68428,"comment_status":"closed","ping_status":"closed","sticky":false,"template":"","format":"standard","meta":{"footnotes":""},"categories":[7665,6332],"tags":[27958],"class_list":{"0":"post-68427","1":"post","2":"type-post","3":"status-publish","4":"format-standard","5":"has-post-thumbnail","7":"category-art","8":"category-te-fundit","9":"tag-rrefehet-aktori-flloko-babai-im-shkoi-nga-gjirokastra-te-punonte-ne-peje-dhe-mandej"},"_links":{"self":[{"href":"https:\/\/jugulajm.net\/index.php?rest_route=\/wp\/v2\/posts\/68427","targetHints":{"allow":["GET"]}}],"collection":[{"href":"https:\/\/jugulajm.net\/index.php?rest_route=\/wp\/v2\/posts"}],"about":[{"href":"https:\/\/jugulajm.net\/index.php?rest_route=\/wp\/v2\/types\/post"}],"author":[{"embeddable":true,"href":"https:\/\/jugulajm.net\/index.php?rest_route=\/wp\/v2\/users\/5"}],"replies":[{"embeddable":true,"href":"https:\/\/jugulajm.net\/index.php?rest_route=%2Fwp%2Fv2%2Fcomments&post=68427"}],"version-history":[{"count":0,"href":"https:\/\/jugulajm.net\/index.php?rest_route=\/wp\/v2\/posts\/68427\/revisions"}],"wp:featuredmedia":[{"embeddable":true,"href":"https:\/\/jugulajm.net\/index.php?rest_route=\/wp\/v2\/media\/68428"}],"wp:attachment":[{"href":"https:\/\/jugulajm.net\/index.php?rest_route=%2Fwp%2Fv2%2Fmedia&parent=68427"}],"wp:term":[{"taxonomy":"category","embeddable":true,"href":"https:\/\/jugulajm.net\/index.php?rest_route=%2Fwp%2Fv2%2Fcategories&post=68427"},{"taxonomy":"post_tag","embeddable":true,"href":"https:\/\/jugulajm.net\/index.php?rest_route=%2Fwp%2Fv2%2Ftags&post=68427"}],"curies":[{"name":"wp","href":"https:\/\/api.w.org\/{rel}","templated":true}]}}