{"id":68363,"date":"2023-11-28T16:11:48","date_gmt":"2023-11-28T15:11:48","guid":{"rendered":"https:\/\/jugulajm.net\/?p=68363"},"modified":"2023-11-28T16:11:48","modified_gmt":"2023-11-28T15:11:48","slug":"letra-e-rralle-e-ismail-qemalit-te-hapet-dhe-te-lexohet-pas-111-vjetesh","status":"publish","type":"post","link":"https:\/\/jugulajm.net\/?p=68363","title":{"rendered":"Letra e rrall\u00eb e Ismail Qemalit: T\u00eb hapet dhe t\u00eb lexohet pas 111 vjet\u00ebsh"},"content":{"rendered":"<p><strong>Nga Lutfi Dervishi<\/strong><\/p>\n<p>Letra e rrall\u00eb e Ismail Qemalit.<\/p>\n<p>Porosia: \u201cT\u00eb hapet dhe t\u00eb lexohet pas 111 vjet\u00ebsh\u2026\u201d<\/p>\n<p>Shqiptar\u00eb t\u00eb dashtun, uroj q\u00eb kjo let\u00ebr t\u2019iu gjej sh\u00ebndosh\u00eb e mir\u00eb kudo ku t\u00eb gjindeni.<\/p>\n<p>Po ju shkruaj me dor\u00eb n\u00eb zem\u00ebr n\u00eb dit\u00ebn e fundit t\u00eb n\u00ebntorit t\u00eb tret\u00eb t\u00eb 1913-t\u00ebs. Shqip\u00ebria sot ka telash t\u00eb madh munges\u00ebn e qet\u00ebsis\u00eb politike, korrupsionin dhe rolin e madh t\u00eb fuqive t\u00eb m\u00ebdha.<\/p>\n<p>\u201cSot e nj\u00eb mot mot kur t\u00eb huajt i shkel\u00ebn t\u00eb gjith\u00eb viset e Shqipnis\u00eb, po thuaj pa kurr\u00ebfar\u00eb kund\u00ebrshtimi, neve t\u00eb bijt\u00eb e k\u00ebtyre trojeve, nuk na kishte mbetur ve\u00e7se nj\u00eb detyr\u00eb: p\u00ebrpjekja p\u00ebr t\u00eb formuar nj\u00eb qeveri duke mbajtur viset q\u00eb nuk kishin r\u00ebn\u00eb akoma n\u00eb pushtimin e t\u00eb huajve e t\u00eb ngrinim z\u00ebrin p\u00ebr shp\u00ebtimin e viseve t\u00eb tjera dhe t\u00eb drejtat e kombit shqiptar\u201d.<\/p>\n<p>Po sot nj\u00eb mot m\u00eb pas jam i hidh\u00ebruar. Sapo\u00a0 m\u00eb ka r\u00ebn\u00eb n\u00eb dor\u00eb nj\u00eb let\u00ebr e nj\u00eb p\u00ebrfaq\u00ebsonj\u00ebsi t\u00eb Fuqive t\u00eb M\u00ebdha. Kabllogrami i tij \u00ebsht\u00eb m\u00ebnxyr\u00eb:\u00a0 \u201cky vend nuk b\u00ebhet n\u00ebse nuk largohen k\u00ebta t\u00eb dy. (E ka llafin p\u00ebr mua dhe Esat Pash\u00eb Toptanin) Dhe k\u00ebta duhen larguar t\u00eb dy n\u00eb t\u00eb nj\u00ebjt\u00ebn koh\u00eb. Nj\u00ebri ka b\u00ebr\u00eb qeveri n\u00eb Durr\u00ebs dhe tjetri n\u00eb Vlor\u00eb. Arsyeja? Kan\u00eb b\u00ebr\u00eb qeverit\u00eb pran\u00eb doganave p\u00ebr t\u2019i marr\u00eb m\u00eb shpejt parat\u00eb\u201d.<\/p>\n<p>Po t\u00eb kishim gjykatore, k\u00ebtij zotnis\u00eb do t\u2019i leja pik\u00eb pjekje atje. Por i kam l\u00ebn\u00eb Zotin. Koha do t\u00eb tregoj sa t\u00eb drejt\u00eb ka patur p\u00ebrfaq\u00ebsuesi i 6 fuqive t\u00eb m\u00ebdha.<\/p>\n<p>K\u00ebshtu qenka e shkruar, fati i prijsve\u00a0 t\u00eb vendeve t\u00eb vogla kalon nga kabllogramet e ambasador\u00ebve t\u00eb fuqive t\u00eb m\u00ebdha.<\/p>\n<p>Uroj q\u00eb pas 111 vjet\u00ebsh m\u00eb 2023, korrupsionin q\u00eb sot na akuzojn\u00eb me t\u00eb padrejt\u00eb ta keni d\u00ebrrmuar.<\/p>\n<p>Si sot e mot mot disa prej nesh nuk donin q\u00eb t\u00eb shpallnim m\u00ebvet\u00ebsin\u00eb prej Perandoris\u00eb. Mjerisht nuk ishim t\u00eb gjith\u00eb n\u00eb nj\u00eb mendje. E shpall\u00ebm m\u00ebvet\u00ebsin\u00eb duke u th\u00ebn\u00eb q\u00eb me Turkin\u00eb do t\u00eb b\u00ebhemi prap bashk\u00eb.\u00a0 Koha do t\u00eb jap\u00eb t\u00eb drejt\u00eb.\u00a0 Turkia do t\u00eb jet\u00eb\u00a0 partneri strategjik i Shqip\u00ebris\u00eb.<\/p>\n<p>Nj\u00eb dit\u00eb n\u00eb trojet tona do t\u00eb vijn\u00eb p\u00ebr t\u00eb bujtur t\u00eb huaj, mund t\u00eb vijn\u00eb afgan\u00eb dhe afrikan\u00eb, iranian\u00eb dhe siriane. I prisni si\u00e7 e ka zakon shqiptari, por b\u00ebni \u00e7mos t\u00eb mos ikin shqiptar\u00ebt prej viseve tona.<\/p>\n<p>Ne nuk mund\u00ebm t\u2019i mbajm\u00eb dot t\u00eb gjitha trojet tona. Austria nuk e largoi serbin nga gjith\u00eb viset shqiptare. Kosova \u00ebsht\u00eb plaga e hapur. Ta doni Kosov\u00ebn sa desha un\u00eb Is Boletinin.<\/p>\n<p>Po e mbyll me dy lutje: I votoni politikan\u00ebt, por edhe i qortoni, nd\u00ebshkoni dhe ndryshoni. Uji q\u00eb fle qelbet.\u00a0 Filizi q\u00eb nuk l\u00ebviz rritet, por populli q\u00eb nuk l\u00ebviz politikan\u00ebt vdes.<\/p>\n<p>Lutja e dyt\u00eb \u00ebsht\u00eb q\u00eb fjal\u00ebt t\u2019i p\u00ebrdorni me mas\u00eb. Llafet e shumta jan\u00eb fukarall\u00ebk.\u00a0 Fukarall\u00ebku \u00ebsht\u00eb maskarall\u00ebk.<\/p>\n<p>M\u00eb pak fjal\u00eb e m\u00eb shum\u00eb pun\u00eb. Kur e shpall\u00ebm Shqip\u00ebrin\u00eb e mosvarme shkruam n\u00eb kabllogram vet\u00ebm 35 fjal\u00eb, q\u00eb m\u00eb 2023 mund t\u2019i postoni n\u00eb nj\u00eb twitter.<\/p>\n<p>\u201cPas fjal\u00ebvet q\u00eb tha z. Kryetar Ismail Kemal beu, me t\u00eb cilat tregoi rrezikun e math n\u00eb t\u00eb cilin ndodhet sot Shqip\u00ebria, t\u00eb gjith\u00eb delegat\u00ebt me nj\u00eb z\u00e2 venduan q\u00eb Shqip\u00ebria m\u00eb sot t\u00eb b\u00e2het n\u00eb vehte, e lir\u00eb e e mosvarme\u201d<\/p>\n<p>P\u00ebrfund, uroj q\u00eb pas 111 vjet\u00ebsh kur t\u00eb festoni dit\u00ebn e M\u00ebvet\u00ebsis\u00eb, t\u00eb mos ket\u00eb m\u00eb shum\u00eb shqiptar\u00eb n\u00eb vendet q\u00eb na kan\u00eb pushtuar se n\u00eb Shqip\u00ebri!<\/p>\n<p>I juaji<\/p>\n<p>Ismail Bej Vlora<\/p>\n","protected":false},"excerpt":{"rendered":"<p>Nga Lutfi Dervishi Letra e rrall\u00eb e Ismail Qemalit. Porosia: \u201cT\u00eb hapet dhe t\u00eb lexohet pas 111 vjet\u00ebsh\u2026\u201d Shqiptar\u00eb t\u00eb dashtun, uroj q\u00eb kjo let\u00ebr t\u2019iu gjej sh\u00ebndosh\u00eb e mir\u00eb kudo ku t\u00eb gjindeni. Po ju shkruaj me dor\u00eb n\u00eb zem\u00ebr n\u00eb dit\u00ebn e fundit t\u00eb n\u00ebntorit t\u00eb tret\u00eb t\u00eb 1913-t\u00ebs. Shqip\u00ebria sot ka telash [&hellip;]<\/p>\n","protected":false},"author":5,"featured_media":68364,"comment_status":"closed","ping_status":"closed","sticky":false,"template":"","format":"standard","meta":{"footnotes":""},"categories":[1,6332],"tags":[27932],"class_list":{"0":"post-68363","1":"post","2":"type-post","3":"status-publish","4":"format-standard","5":"has-post-thumbnail","7":"category-aktualitet","8":"category-te-fundit","9":"tag-letra-e-rralle-e-ismail-qemalit-te-hapet-dhe-te-lexohet-pas-111-vjetesh"},"_links":{"self":[{"href":"https:\/\/jugulajm.net\/index.php?rest_route=\/wp\/v2\/posts\/68363","targetHints":{"allow":["GET"]}}],"collection":[{"href":"https:\/\/jugulajm.net\/index.php?rest_route=\/wp\/v2\/posts"}],"about":[{"href":"https:\/\/jugulajm.net\/index.php?rest_route=\/wp\/v2\/types\/post"}],"author":[{"embeddable":true,"href":"https:\/\/jugulajm.net\/index.php?rest_route=\/wp\/v2\/users\/5"}],"replies":[{"embeddable":true,"href":"https:\/\/jugulajm.net\/index.php?rest_route=%2Fwp%2Fv2%2Fcomments&post=68363"}],"version-history":[{"count":0,"href":"https:\/\/jugulajm.net\/index.php?rest_route=\/wp\/v2\/posts\/68363\/revisions"}],"wp:featuredmedia":[{"embeddable":true,"href":"https:\/\/jugulajm.net\/index.php?rest_route=\/wp\/v2\/media\/68364"}],"wp:attachment":[{"href":"https:\/\/jugulajm.net\/index.php?rest_route=%2Fwp%2Fv2%2Fmedia&parent=68363"}],"wp:term":[{"taxonomy":"category","embeddable":true,"href":"https:\/\/jugulajm.net\/index.php?rest_route=%2Fwp%2Fv2%2Fcategories&post=68363"},{"taxonomy":"post_tag","embeddable":true,"href":"https:\/\/jugulajm.net\/index.php?rest_route=%2Fwp%2Fv2%2Ftags&post=68363"}],"curies":[{"name":"wp","href":"https:\/\/api.w.org\/{rel}","templated":true}]}}