{"id":68312,"date":"2023-11-27T13:34:36","date_gmt":"2023-11-27T12:34:36","guid":{"rendered":"https:\/\/jugulajm.net\/?p=68312"},"modified":"2023-11-27T13:34:36","modified_gmt":"2023-11-27T12:34:36","slug":"gazeta-austriake-qendrat-e-emigracionit-ne-shqiperi-jane-nje-marreveshje-e-piste","status":"publish","type":"post","link":"https:\/\/jugulajm.net\/?p=68312","title":{"rendered":"Gazeta austriake: Qendrat e emigracionit n\u00eb Shqip\u00ebri jan\u00eb nj\u00eb marr\u00ebveshje e pist\u00eb"},"content":{"rendered":"<p>\u201cQendrat e migracionit n\u00eb Shqip\u00ebri jan\u00eb nj\u00eb marr\u00ebveshje e pist\u00eb\u201d.<\/p>\n<p>K\u00ebshtu shkruan gazeta austriake\u00a0<a href=\"https:\/\/www.derstandard.at\/consent\/tcf\/story\/3000000196973\/die-migrationszentren-in-albanien-sind-ein-schmutziger-deal\">Der Standard<\/a>\u00a0n\u00eb nj\u00eb shkrim kushtuar marr\u00ebveshjes Rama-Meloni p\u00ebr trajtimin e emigrant\u00ebve n\u00eb Shqip\u00ebri.<\/p>\n<p>N\u00eb shkrimin me autore Adelheid W\u00f6lfl, thuhet se dikur n\u00eb vitin 2018 Herbert Kickl, n\u00eb at\u00eb koh\u00eb Minist\u00ebr i Brendsh\u00ebm i Austris\u00eb u p\u00ebrpoq t\u00eb bindte Shqip\u00ebrin\u00eb p\u00ebr ngritjen e nj\u00eb kampi p\u00ebr t\u00eb d\u00ebbuarit, por \u00ebsht\u00eb refuzuar.<\/p>\n<p>Kryeministri Edi Rama n\u00eb at\u00eb koh\u00eb ka theksuar: \u201cShqip\u00ebria nuk do t\u00eb jet\u00eb kurr\u00eb vendi ku vendet shum\u00eb t\u00eb pasura krijojn\u00eb kampe p\u00ebr t\u00eb hedhur emigrant\u00ebt\u201d. Tani gj\u00ebrat jan\u00eb padyshim ndryshe, shkruan gazeta.<\/p>\n<p>\u201cTre jav\u00eb m\u00eb par\u00eb, Rama n\u00ebnshkroi nj\u00eb protokoll me homologen e tij italiane Giorgia Meloni q\u00eb do t\u00eb sillte emigrant\u00ebt nga Mesdheu n\u00eb Shqip\u00ebri p\u00ebr t\u2019u mbajtur m\u00eb pas n\u00eb \u201cparaburgim administrativ\u201d n\u00eb \u201cqendrat e p\u00ebrpunimit t\u00eb emigracionit\u201d.<\/p>\n<p>E ardhmja e tyre e ardhshme nuk \u00ebsht\u00eb as e p\u00ebrcaktuar n\u00eb marr\u00ebveshje.<\/p>\n<p>Sipas avokat\u00ebve, Protokolli Meloni-Rama \u00ebsht\u00eb i paligjsh\u00ebm dhe antikushtetues p\u00ebr shum\u00eb arsye, si p\u00ebr shembull sepse cenon sovranitetin e shtetit t\u00eb Shqip\u00ebris\u00eb.<\/p>\n<p>Rama, i cili po sillet gjithnj\u00eb e m\u00eb autoritar n\u00eb Shqip\u00ebri, e paraqiti t\u00eb gjith\u00eb k\u00ebt\u00eb si nj\u00eb nder, sepse n\u00eb vitin 1997 Italia pranoi shum\u00eb shqiptar\u00eb q\u00eb po iknin nga dhuna dhe anarkia.<\/p>\n<p>N\u00eb Shqip\u00ebri n\u00eb ve\u00e7anti, megjithat\u00eb, \u00ebsht\u00eb e r\u00ebnd\u00ebsishme q\u00eb shteti i s\u00eb drejt\u00ebs t\u00eb mos cenohet m\u00eb tej nga marr\u00ebveshjet e pista si ajo me Italin\u00eb\u201d, shkruan gazeta.<\/p>\n<p>M\u00eb tej gazeta thekson se \u201cP\u00ebr BE-n\u00eb, sundimi i ligjit n\u00eb vendet kandidate duhet t\u00eb jet\u00eb prioriteti kryesor. Ideja p\u00ebr t\u00eb sqaruar statusin e emigrant\u00ebve n\u00eb m\u00ebnyr\u00eb ekstraterritoriale d\u00ebshtoi edhe n\u00eb Gjykat\u00ebn e Lart\u00eb n\u00eb Britanin\u00eb e Madhe.<\/p>\n<p>Gjykata Kushtetuese e Tiran\u00ebs duhet ta parandaloj\u00eb tani k\u00ebt\u00eb marr\u00ebzi\u201d.<\/p>\n","protected":false},"excerpt":{"rendered":"<p>\u201cQendrat e migracionit n\u00eb Shqip\u00ebri jan\u00eb nj\u00eb marr\u00ebveshje e pist\u00eb\u201d. K\u00ebshtu shkruan gazeta austriake\u00a0Der Standard\u00a0n\u00eb nj\u00eb shkrim kushtuar marr\u00ebveshjes Rama-Meloni p\u00ebr trajtimin e emigrant\u00ebve n\u00eb Shqip\u00ebri. N\u00eb shkrimin me autore Adelheid W\u00f6lfl, thuhet se dikur n\u00eb vitin 2018 Herbert Kickl, n\u00eb at\u00eb koh\u00eb Minist\u00ebr i Brendsh\u00ebm i Austris\u00eb u p\u00ebrpoq t\u00eb bindte Shqip\u00ebrin\u00eb p\u00ebr ngritjen [&hellip;]<\/p>\n","protected":false},"author":5,"featured_media":67566,"comment_status":"closed","ping_status":"closed","sticky":false,"template":"","format":"standard","meta":{"footnotes":""},"categories":[1,7664,6332],"tags":[27904],"class_list":{"0":"post-68312","1":"post","2":"type-post","3":"status-publish","4":"format-standard","5":"has-post-thumbnail","7":"category-aktualitet","8":"category-bota","9":"category-te-fundit","10":"tag-gazeta-austriake-qendrat-e-emigracionit-ne-shqiperi-jane-nje-marreveshje-e-piste"},"_links":{"self":[{"href":"https:\/\/jugulajm.net\/index.php?rest_route=\/wp\/v2\/posts\/68312","targetHints":{"allow":["GET"]}}],"collection":[{"href":"https:\/\/jugulajm.net\/index.php?rest_route=\/wp\/v2\/posts"}],"about":[{"href":"https:\/\/jugulajm.net\/index.php?rest_route=\/wp\/v2\/types\/post"}],"author":[{"embeddable":true,"href":"https:\/\/jugulajm.net\/index.php?rest_route=\/wp\/v2\/users\/5"}],"replies":[{"embeddable":true,"href":"https:\/\/jugulajm.net\/index.php?rest_route=%2Fwp%2Fv2%2Fcomments&post=68312"}],"version-history":[{"count":0,"href":"https:\/\/jugulajm.net\/index.php?rest_route=\/wp\/v2\/posts\/68312\/revisions"}],"wp:featuredmedia":[{"embeddable":true,"href":"https:\/\/jugulajm.net\/index.php?rest_route=\/wp\/v2\/media\/67566"}],"wp:attachment":[{"href":"https:\/\/jugulajm.net\/index.php?rest_route=%2Fwp%2Fv2%2Fmedia&parent=68312"}],"wp:term":[{"taxonomy":"category","embeddable":true,"href":"https:\/\/jugulajm.net\/index.php?rest_route=%2Fwp%2Fv2%2Fcategories&post=68312"},{"taxonomy":"post_tag","embeddable":true,"href":"https:\/\/jugulajm.net\/index.php?rest_route=%2Fwp%2Fv2%2Ftags&post=68312"}],"curies":[{"name":"wp","href":"https:\/\/api.w.org\/{rel}","templated":true}]}}