{"id":68310,"date":"2023-11-27T12:47:16","date_gmt":"2023-11-27T11:47:16","guid":{"rendered":"https:\/\/jugulajm.net\/?p=68310"},"modified":"2023-11-27T12:47:16","modified_gmt":"2023-11-27T11:47:16","slug":"qeni-sulmon-33-vjecaren-nis-hetimi-per-pronarin","status":"publish","type":"post","link":"https:\/\/jugulajm.net\/?p=68310","title":{"rendered":"Qeni sulmon 33-vje\u00e7aren, nis hetimi p\u00ebr pronarin"},"content":{"rendered":"<div class=\"firstP\">\n<p>Nj\u00eb shtetase gjermane \u00ebsht\u00eb sulmuar nga nj\u00eb qen n\u00eb Lushnj\u00eb.<\/p>\n<\/div>\n<p>Raportohet se qeni ka dal\u00eb nga oborri i banes\u00ebs s\u00eb nj\u00eb 26-vje\u00e7ari n\u00eb lagjen \u201cLoni Dhamo\u201d dhe ka kafshuar n\u00eb k\u00ebmb\u00eb 33-vje\u00e7aren nga Gjermania.<\/p>\n<p>P\u00ebr pronarin e kafsh\u00eb ka nisur hetim p\u00ebr vepr\u00ebn penale \u201cShkelja e karantin\u00ebs s\u00eb bim\u00ebve dhe kafsh\u00ebve\u201d.<\/p>\n<p>Pak jav\u00eb m\u00eb par\u00eb, nj\u00eb 84-vje\u00e7ar\u00a0humbi jet\u00ebn\u00a0n\u00eb Durr\u00ebs, pasi u sulmua nga dy qen \u201cPit bull\u201d. I moshuari u sulmua nga qent\u00eb e nj\u00eb 44-vje\u00e7ari, i cili u arrestua, n\u00ebn akuz\u00eb p\u00ebr vepr\u00ebn penale \u201cBraktisja e kafsh\u00ebs t\u00eb shoq\u00ebrimit\u201d.<\/p>\n","protected":false},"excerpt":{"rendered":"<p>Nj\u00eb shtetase gjermane \u00ebsht\u00eb sulmuar nga nj\u00eb qen n\u00eb Lushnj\u00eb. Raportohet se qeni ka dal\u00eb nga oborri i banes\u00ebs s\u00eb nj\u00eb 26-vje\u00e7ari n\u00eb lagjen \u201cLoni Dhamo\u201d dhe ka kafshuar n\u00eb k\u00ebmb\u00eb 33-vje\u00e7aren nga Gjermania. P\u00ebr pronarin e kafsh\u00eb ka nisur hetim p\u00ebr vepr\u00ebn penale \u201cShkelja e karantin\u00ebs s\u00eb bim\u00ebve dhe kafsh\u00ebve\u201d. Pak jav\u00eb m\u00eb par\u00eb, [&hellip;]<\/p>\n","protected":false},"author":5,"featured_media":53306,"comment_status":"closed","ping_status":"closed","sticky":false,"template":"","format":"standard","meta":{"footnotes":""},"categories":[1,6332],"tags":[27903,27902],"class_list":{"0":"post-68310","1":"post","2":"type-post","3":"status-publish","4":"format-standard","5":"has-post-thumbnail","7":"category-aktualitet","8":"category-te-fundit","9":"tag-nis-hetimi-per-pronarin","10":"tag-qeni-sulmon-33-vjecaren"},"_links":{"self":[{"href":"https:\/\/jugulajm.net\/index.php?rest_route=\/wp\/v2\/posts\/68310","targetHints":{"allow":["GET"]}}],"collection":[{"href":"https:\/\/jugulajm.net\/index.php?rest_route=\/wp\/v2\/posts"}],"about":[{"href":"https:\/\/jugulajm.net\/index.php?rest_route=\/wp\/v2\/types\/post"}],"author":[{"embeddable":true,"href":"https:\/\/jugulajm.net\/index.php?rest_route=\/wp\/v2\/users\/5"}],"replies":[{"embeddable":true,"href":"https:\/\/jugulajm.net\/index.php?rest_route=%2Fwp%2Fv2%2Fcomments&post=68310"}],"version-history":[{"count":0,"href":"https:\/\/jugulajm.net\/index.php?rest_route=\/wp\/v2\/posts\/68310\/revisions"}],"wp:featuredmedia":[{"embeddable":true,"href":"https:\/\/jugulajm.net\/index.php?rest_route=\/wp\/v2\/media\/53306"}],"wp:attachment":[{"href":"https:\/\/jugulajm.net\/index.php?rest_route=%2Fwp%2Fv2%2Fmedia&parent=68310"}],"wp:term":[{"taxonomy":"category","embeddable":true,"href":"https:\/\/jugulajm.net\/index.php?rest_route=%2Fwp%2Fv2%2Fcategories&post=68310"},{"taxonomy":"post_tag","embeddable":true,"href":"https:\/\/jugulajm.net\/index.php?rest_route=%2Fwp%2Fv2%2Ftags&post=68310"}],"curies":[{"name":"wp","href":"https:\/\/api.w.org\/{rel}","templated":true}]}}