{"id":68308,"date":"2023-11-27T11:57:08","date_gmt":"2023-11-27T10:57:08","guid":{"rendered":"https:\/\/jugulajm.net\/?p=68308"},"modified":"2023-11-27T11:57:08","modified_gmt":"2023-11-27T10:57:08","slug":"sherr-me-thika-60-vjecari-ne-gjendje-te-rende-shendetesore","status":"publish","type":"post","link":"https:\/\/jugulajm.net\/?p=68308","title":{"rendered":"Sherr me thika, 60-vje\u00e7ari n\u00eb gjendje t\u00eb r\u00ebnd\u00eb sh\u00ebndet\u00ebsore"},"content":{"rendered":"<p>Dit\u00ebn e sotme ka ndodhur nj\u00eb sherr p\u00ebr motive t\u00eb dob\u00ebta n\u00eb Durr\u00ebs.<\/p>\n<p>Shtetasit E. \u00c7, 54 vje\u00e7 dhe G. D., 60 vje\u00e7 jan\u00eb konfliktuar me thika.<\/p>\n<p>54-vje\u00e7ari ka plagosur 60-vje\u00e7arin, i cili ndodhet n\u00eb spital n\u00eb gjendje t\u00eb r\u00ebnd\u00eb.<\/p>\n<p>\u201cPlagosi me mjet prer\u00ebs (thik\u00eb), nj\u00eb 60-vje\u00e7ar, gjat\u00eb nj\u00eb konflikti p\u00ebr motive t\u00eb dob\u00ebta, kapet menj\u00ebher\u00eb nga sh\u00ebrbimet e Policis\u00eb dhe shoq\u00ebrohet n\u00eb komisariat, 54-vje\u00e7ari.<\/p>\n<p>N\u00eb lagjen nr. 14, Durr\u00ebs, gjat\u00eb nj\u00eb konflikti p\u00ebr motive t\u00eb dob\u00ebta, shtetasi E. \u00c7, 54 vje\u00e7, ka plagosur me mjet prer\u00ebs (thik\u00eb), shtetasin G. D., 60 vje\u00e7, i cili ndodhet n\u00eb spital, n\u00eb gjendje t\u00eb r\u00ebnd\u00eb.<\/p>\n<p>Sh\u00ebrbimet e Policis\u00eb pas marrjes s\u00eb njoftimit, brenda pak minutash kan\u00eb b\u00ebr\u00eb t\u00eb mundur kapjen dhe shoqerimin n\u00eb Komisariat t\u00eb shtetasit E. \u00c7., p\u00ebr veprime t\u00eb m\u00ebtejshme\u201d, njofton policia.<\/p>\n","protected":false},"excerpt":{"rendered":"<p>Dit\u00ebn e sotme ka ndodhur nj\u00eb sherr p\u00ebr motive t\u00eb dob\u00ebta n\u00eb Durr\u00ebs. Shtetasit E. \u00c7, 54 vje\u00e7 dhe G. D., 60 vje\u00e7 jan\u00eb konfliktuar me thika. 54-vje\u00e7ari ka plagosur 60-vje\u00e7arin, i cili ndodhet n\u00eb spital n\u00eb gjendje t\u00eb r\u00ebnd\u00eb. \u201cPlagosi me mjet prer\u00ebs (thik\u00eb), nj\u00eb 60-vje\u00e7ar, gjat\u00eb nj\u00eb konflikti p\u00ebr motive t\u00eb dob\u00ebta, kapet [&hellip;]<\/p>\n","protected":false},"author":5,"featured_media":51534,"comment_status":"closed","ping_status":"closed","sticky":false,"template":"","format":"standard","meta":{"footnotes":""},"categories":[1,6332],"tags":[27901,23081],"class_list":{"0":"post-68308","1":"post","2":"type-post","3":"status-publish","4":"format-standard","5":"has-post-thumbnail","7":"category-aktualitet","8":"category-te-fundit","9":"tag-60-vjecari-ne-gjendje-te-rende","10":"tag-sherr-me-thika"},"_links":{"self":[{"href":"https:\/\/jugulajm.net\/index.php?rest_route=\/wp\/v2\/posts\/68308","targetHints":{"allow":["GET"]}}],"collection":[{"href":"https:\/\/jugulajm.net\/index.php?rest_route=\/wp\/v2\/posts"}],"about":[{"href":"https:\/\/jugulajm.net\/index.php?rest_route=\/wp\/v2\/types\/post"}],"author":[{"embeddable":true,"href":"https:\/\/jugulajm.net\/index.php?rest_route=\/wp\/v2\/users\/5"}],"replies":[{"embeddable":true,"href":"https:\/\/jugulajm.net\/index.php?rest_route=%2Fwp%2Fv2%2Fcomments&post=68308"}],"version-history":[{"count":0,"href":"https:\/\/jugulajm.net\/index.php?rest_route=\/wp\/v2\/posts\/68308\/revisions"}],"wp:featuredmedia":[{"embeddable":true,"href":"https:\/\/jugulajm.net\/index.php?rest_route=\/wp\/v2\/media\/51534"}],"wp:attachment":[{"href":"https:\/\/jugulajm.net\/index.php?rest_route=%2Fwp%2Fv2%2Fmedia&parent=68308"}],"wp:term":[{"taxonomy":"category","embeddable":true,"href":"https:\/\/jugulajm.net\/index.php?rest_route=%2Fwp%2Fv2%2Fcategories&post=68308"},{"taxonomy":"post_tag","embeddable":true,"href":"https:\/\/jugulajm.net\/index.php?rest_route=%2Fwp%2Fv2%2Ftags&post=68308"}],"curies":[{"name":"wp","href":"https:\/\/api.w.org\/{rel}","templated":true}]}}