{"id":68261,"date":"2023-11-26T16:19:40","date_gmt":"2023-11-26T15:19:40","guid":{"rendered":"https:\/\/jugulajm.net\/?p=68261"},"modified":"2023-11-26T16:19:40","modified_gmt":"2023-11-26T15:19:40","slug":"humb-60-vjecari-njoftoi-familjen-se-do-kthehej-nga-greqia-permes-malit","status":"publish","type":"post","link":"https:\/\/jugulajm.net\/?p=68261","title":{"rendered":"Humb 60 vje\u00e7ari, njoftoi familjen se do kthehej nga Greqia p\u00ebrmes malit"},"content":{"rendered":"<p>Nj\u00eb 60-vje\u00e7ar nga Erseka ka humbur kontaktet me familjen dit\u00ebn e djeshme, nd\u00ebrkoh\u00eb policia vijon pun\u00ebn p\u00ebr gjetjen e tij.<\/p>\n<p>M\u00ebsohet se shtetasi me iniciale N.Zh. ka telefonuar dit\u00ebn e djeshme familjar\u00ebt nga Greqia, duke i njoftuar se do t\u00eb kthehej n\u00eb Ersek\u00eb.<\/p>\n<p>Ai punonte n\u00eb shtetin grek me pun\u00eb sezonale, nd\u00ebrsa ka marr\u00eb rrug\u00ebn p\u00ebr t\u2019u kthyer nga mali i Gramozit n\u00eb kushte shum\u00eb t\u00eb k\u00ebqija atmosferike p\u00ebr shkak t\u00eb reshjeve.<\/p>\n<p>Familjar\u00ebt nuk kan\u00eb mundur ta kontaktojn\u00eb n\u00eb telefon.<\/p>\n<p>Sipas policis\u00eb nuk dihet ende se \u00e7far\u00eb ka ndodhur me 60 vje\u00e7arin dhe n\u00ebse \u00ebsht\u00eb kthyer mbrapsht drejt shtetit grek.<\/p>\n<p>K\u00ebrkimet kan\u00eb filluar q\u00eb prej dit\u00ebs s\u00eb djeshme, nd\u00ebrsa sot n\u00ebp\u00ebrmjet dronit \u00ebsht\u00eb b\u00ebr\u00eb krehja e nj\u00eb pjese t\u00eb zon\u00ebs s\u00eb Gramozit, por pa rezultat.<\/p>\n<p>Pritet n\u00eb vijim t\u00eb shihet n\u00eb baz\u00eb t\u00eb k\u00ebrkimeve mes policis\u00eb shqiptare, policis\u00eb kufitare dhe asaj greke, n\u00ebse do t\u00eb arrihet t\u00eb gjendet 60-vje\u00e7ari.<\/p>\n","protected":false},"excerpt":{"rendered":"<p>Nj\u00eb 60-vje\u00e7ar nga Erseka ka humbur kontaktet me familjen dit\u00ebn e djeshme, nd\u00ebrkoh\u00eb policia vijon pun\u00ebn p\u00ebr gjetjen e tij. M\u00ebsohet se shtetasi me iniciale N.Zh. ka telefonuar dit\u00ebn e djeshme familjar\u00ebt nga Greqia, duke i njoftuar se do t\u00eb kthehej n\u00eb Ersek\u00eb. Ai punonte n\u00eb shtetin grek me pun\u00eb sezonale, nd\u00ebrsa ka marr\u00eb rrug\u00ebn [&hellip;]<\/p>\n","protected":false},"author":5,"featured_media":63723,"comment_status":"closed","ping_status":"closed","sticky":false,"template":"","format":"standard","meta":{"footnotes":""},"categories":[1,6332],"tags":[27885,27886],"class_list":{"0":"post-68261","1":"post","2":"type-post","3":"status-publish","4":"format-standard","5":"has-post-thumbnail","7":"category-aktualitet","8":"category-te-fundit","9":"tag-humb-60-vjecari","10":"tag-njoftoi-familjen-se-do-kthehej-nga-greqia-permes-malit"},"_links":{"self":[{"href":"https:\/\/jugulajm.net\/index.php?rest_route=\/wp\/v2\/posts\/68261","targetHints":{"allow":["GET"]}}],"collection":[{"href":"https:\/\/jugulajm.net\/index.php?rest_route=\/wp\/v2\/posts"}],"about":[{"href":"https:\/\/jugulajm.net\/index.php?rest_route=\/wp\/v2\/types\/post"}],"author":[{"embeddable":true,"href":"https:\/\/jugulajm.net\/index.php?rest_route=\/wp\/v2\/users\/5"}],"replies":[{"embeddable":true,"href":"https:\/\/jugulajm.net\/index.php?rest_route=%2Fwp%2Fv2%2Fcomments&post=68261"}],"version-history":[{"count":0,"href":"https:\/\/jugulajm.net\/index.php?rest_route=\/wp\/v2\/posts\/68261\/revisions"}],"wp:featuredmedia":[{"embeddable":true,"href":"https:\/\/jugulajm.net\/index.php?rest_route=\/wp\/v2\/media\/63723"}],"wp:attachment":[{"href":"https:\/\/jugulajm.net\/index.php?rest_route=%2Fwp%2Fv2%2Fmedia&parent=68261"}],"wp:term":[{"taxonomy":"category","embeddable":true,"href":"https:\/\/jugulajm.net\/index.php?rest_route=%2Fwp%2Fv2%2Fcategories&post=68261"},{"taxonomy":"post_tag","embeddable":true,"href":"https:\/\/jugulajm.net\/index.php?rest_route=%2Fwp%2Fv2%2Ftags&post=68261"}],"curies":[{"name":"wp","href":"https:\/\/api.w.org\/{rel}","templated":true}]}}