{"id":68259,"date":"2023-11-26T14:54:45","date_gmt":"2023-11-26T13:54:45","guid":{"rendered":"https:\/\/jugulajm.net\/?p=68259"},"modified":"2023-11-26T14:54:45","modified_gmt":"2023-11-26T13:54:45","slug":"policia-rihapet-konkursi-i-gradave-gati-562-vende-vakante","status":"publish","type":"post","link":"https:\/\/jugulajm.net\/?p=68259","title":{"rendered":"Policia\/ Rihapet konkursi i gradave, gati 562 vende vakante&#8230;"},"content":{"rendered":"<p class=\"selectionShareable\">Drejtori i P\u00ebrgjithsh\u00ebm i Policis\u00eb s\u00eb Shtetit, Muhamet Rrumbullaku, ka miratuar rihapjen e konkursit t\u00eb gradave n\u00eb Policin\u00eb e Shtetit, pas disa muajsh bllokimi.<\/p>\n<p class=\"selectionShareable\">N\u00eb total jan\u00eb 562 vende vakante, mes t\u00eb cil\u00ebve 12 p\u00ebr drejtues t\u00eb par\u00eb, 40 p\u00ebr drejtues, 200 \u201ckryekomisar\u201d dhe 320 \u201ckomisar\u00eb\u201d.<\/p>\n<p class=\"selectionShareable\">Gara p\u00ebr aplikimet brenda radh\u00ebve t\u00eb bluve \u00ebsht\u00eb hapur m\u00eb 17 n\u00ebntor dhe pritet t\u00eb zgjas\u00eb nj\u00eb muaj, deri m\u00eb 17 dhjetor, dhe pas k\u00ebsaj nis faza e seleksionimit.<\/p>\n<p class=\"selectionShareable\">Kandidat\u00ebt do vler\u00ebsohen me shkrim dhe goj\u00eb, p\u00ebrfshir\u00eb edhe performanc\u00ebn n\u00eb detyr\u00ebn q\u00eb ka mbajtur m\u00eb her\u00ebt.<\/p>\n<p class=\"selectionShareable\">Me ardhjen e tij n\u00eb detyr\u00eb n\u00eb shtator t\u00eb vitit 2022, Rrumbullaku anuloi nism\u00ebn p\u00ebr grad\u00ebn \u201ckryekomisar\u201d,\u00a0\u00a0e hapur m\u00eb her\u00ebt nga paraardh\u00ebsi i tij, Gledis Nano,<\/p>\n<p class=\"selectionShareable\">Rrumbullaku anuloi konkursin me pretendimin e b\u00ebrjes s\u00eb ndryshimeve n\u00eb struktur\u00eb. Ish-kryepolici\u00a0Nano m\u00eb her\u00ebt kishte hapur gar\u00ebn p\u00ebr \u201ckryekomisar\u201d p\u00ebr 75 vende.<\/p>\n","protected":false},"excerpt":{"rendered":"<p>Drejtori i P\u00ebrgjithsh\u00ebm i Policis\u00eb s\u00eb Shtetit, Muhamet Rrumbullaku, ka miratuar rihapjen e konkursit t\u00eb gradave n\u00eb Policin\u00eb e Shtetit, pas disa muajsh bllokimi. N\u00eb total jan\u00eb 562 vende vakante, mes t\u00eb cil\u00ebve 12 p\u00ebr drejtues t\u00eb par\u00eb, 40 p\u00ebr drejtues, 200 \u201ckryekomisar\u201d dhe 320 \u201ckomisar\u00eb\u201d. Gara p\u00ebr aplikimet brenda radh\u00ebve t\u00eb bluve \u00ebsht\u00eb hapur [&hellip;]<\/p>\n","protected":false},"author":5,"featured_media":49737,"comment_status":"closed","ping_status":"closed","sticky":false,"template":"","format":"standard","meta":{"footnotes":""},"categories":[1,6332],"tags":[27884,27883],"class_list":{"0":"post-68259","1":"post","2":"type-post","3":"status-publish","4":"format-standard","5":"has-post-thumbnail","7":"category-aktualitet","8":"category-te-fundit","9":"tag-gati-562-vende-vakante","10":"tag-policia-rihapet-konkursi-i-gradave"},"_links":{"self":[{"href":"https:\/\/jugulajm.net\/index.php?rest_route=\/wp\/v2\/posts\/68259","targetHints":{"allow":["GET"]}}],"collection":[{"href":"https:\/\/jugulajm.net\/index.php?rest_route=\/wp\/v2\/posts"}],"about":[{"href":"https:\/\/jugulajm.net\/index.php?rest_route=\/wp\/v2\/types\/post"}],"author":[{"embeddable":true,"href":"https:\/\/jugulajm.net\/index.php?rest_route=\/wp\/v2\/users\/5"}],"replies":[{"embeddable":true,"href":"https:\/\/jugulajm.net\/index.php?rest_route=%2Fwp%2Fv2%2Fcomments&post=68259"}],"version-history":[{"count":0,"href":"https:\/\/jugulajm.net\/index.php?rest_route=\/wp\/v2\/posts\/68259\/revisions"}],"wp:featuredmedia":[{"embeddable":true,"href":"https:\/\/jugulajm.net\/index.php?rest_route=\/wp\/v2\/media\/49737"}],"wp:attachment":[{"href":"https:\/\/jugulajm.net\/index.php?rest_route=%2Fwp%2Fv2%2Fmedia&parent=68259"}],"wp:term":[{"taxonomy":"category","embeddable":true,"href":"https:\/\/jugulajm.net\/index.php?rest_route=%2Fwp%2Fv2%2Fcategories&post=68259"},{"taxonomy":"post_tag","embeddable":true,"href":"https:\/\/jugulajm.net\/index.php?rest_route=%2Fwp%2Fv2%2Ftags&post=68259"}],"curies":[{"name":"wp","href":"https:\/\/api.w.org\/{rel}","templated":true}]}}