{"id":68170,"date":"2023-11-24T10:54:59","date_gmt":"2023-11-24T09:54:59","guid":{"rendered":"https:\/\/jugulajm.net\/?p=68170"},"modified":"2023-11-24T10:57:15","modified_gmt":"2023-11-24T09:57:15","slug":"emri-foto-arrestohet-administratori-i-carcoves-ishte-xurxull-ne-timon-aksidentoi-49-vjecarin-permetar","status":"publish","type":"post","link":"https:\/\/jugulajm.net\/?p=68170","title":{"rendered":"EMRI-FOTO\/ Arrestohet administratori i \u00c7ar\u00e7ov\u00ebs, ishte &#8221;xurxull&#8221; n\u00eb timon, aksidentoi 49 vje\u00e7arin p\u00ebrmetar"},"content":{"rendered":"<p>Administratori i nj\u00ebsis\u00eb \u00c7ar\u00e7ov\u00eb n\u00eb P\u00ebrmet \u00ebsht\u00eb arrestuar nga policia, pasi duke drejtuar makin\u00ebn n\u00eb gjendje t\u00eb dehur ka p\u00ebsuar nj\u00eb aksident.<\/p>\n<div class=\"ads_desktop\">\n<p>Behet fjale per shtetasin Ilia Jani, 38-vje\u00e7, banues n\u00eb P\u00ebrmet, i cili teksa udh\u00ebtonte me makin\u00eb n\u00eb rrug\u00ebn \u00c7ar\u00e7ov\u00eb-P\u00ebrmet\u2019 n\u00eb af\u00ebrsi t\u00eb fshatit Kaludh, ka humbur kontrollin dhe ka dal\u00eb nga rruga.<\/p>\n<\/div>\n<p>Si pasoj\u00eb, \u00ebsht\u00eb d\u00ebmtuar pasagjeri n\u00eb k\u00ebt\u00eb automjet, shtetasi S. K., 49 vje\u00e7, banues n\u00eb P\u00ebrmet, i cili \u00ebsht\u00eb n\u00eb kujdesin e mjek\u00ebve.<\/p>\n","protected":false},"excerpt":{"rendered":"<p>Administratori i nj\u00ebsis\u00eb \u00c7ar\u00e7ov\u00eb n\u00eb P\u00ebrmet \u00ebsht\u00eb arrestuar nga policia, pasi duke drejtuar makin\u00ebn n\u00eb gjendje t\u00eb dehur ka p\u00ebsuar nj\u00eb aksident. Behet fjale per shtetasin Ilia Jani, 38-vje\u00e7, banues n\u00eb P\u00ebrmet, i cili teksa udh\u00ebtonte me makin\u00eb n\u00eb rrug\u00ebn \u00c7ar\u00e7ov\u00eb-P\u00ebrmet\u2019 n\u00eb af\u00ebrsi t\u00eb fshatit Kaludh, ka humbur kontrollin dhe ka dal\u00eb nga rruga. Si [&hellip;]<\/p>\n","protected":false},"author":5,"featured_media":68171,"comment_status":"closed","ping_status":"closed","sticky":false,"template":"","format":"standard","meta":{"footnotes":""},"categories":[1,6332],"tags":[27846,27844,27845],"class_list":{"0":"post-68170","1":"post","2":"type-post","3":"status-publish","4":"format-standard","5":"has-post-thumbnail","7":"category-aktualitet","8":"category-te-fundit","9":"tag-aksidentoi-49-vjecarin-permetar","10":"tag-emri-foto-arrestohet-administratori-i-carcoves","11":"tag-ishte-xurxull-ne-timon"},"_links":{"self":[{"href":"https:\/\/jugulajm.net\/index.php?rest_route=\/wp\/v2\/posts\/68170","targetHints":{"allow":["GET"]}}],"collection":[{"href":"https:\/\/jugulajm.net\/index.php?rest_route=\/wp\/v2\/posts"}],"about":[{"href":"https:\/\/jugulajm.net\/index.php?rest_route=\/wp\/v2\/types\/post"}],"author":[{"embeddable":true,"href":"https:\/\/jugulajm.net\/index.php?rest_route=\/wp\/v2\/users\/5"}],"replies":[{"embeddable":true,"href":"https:\/\/jugulajm.net\/index.php?rest_route=%2Fwp%2Fv2%2Fcomments&post=68170"}],"version-history":[{"count":0,"href":"https:\/\/jugulajm.net\/index.php?rest_route=\/wp\/v2\/posts\/68170\/revisions"}],"wp:featuredmedia":[{"embeddable":true,"href":"https:\/\/jugulajm.net\/index.php?rest_route=\/wp\/v2\/media\/68171"}],"wp:attachment":[{"href":"https:\/\/jugulajm.net\/index.php?rest_route=%2Fwp%2Fv2%2Fmedia&parent=68170"}],"wp:term":[{"taxonomy":"category","embeddable":true,"href":"https:\/\/jugulajm.net\/index.php?rest_route=%2Fwp%2Fv2%2Fcategories&post=68170"},{"taxonomy":"post_tag","embeddable":true,"href":"https:\/\/jugulajm.net\/index.php?rest_route=%2Fwp%2Fv2%2Ftags&post=68170"}],"curies":[{"name":"wp","href":"https:\/\/api.w.org\/{rel}","templated":true}]}}