{"id":68136,"date":"2023-11-23T15:19:34","date_gmt":"2023-11-23T14:19:34","guid":{"rendered":"https:\/\/jugulajm.net\/?p=68136"},"modified":"2023-11-23T15:19:34","modified_gmt":"2023-11-23T14:19:34","slug":"foto-ja-kush-eshte-oficeri-qe-plagosi-me-arme-agresorin-e-te-vellait","status":"publish","type":"post","link":"https:\/\/jugulajm.net\/?p=68136","title":{"rendered":"FOTO\/ Ja kush \u00ebsht\u00eb oficeri, q\u00eb plagosi me arm\u00eb agresorin e t\u00eb v\u00ebllait"},"content":{"rendered":"<p>Personi q\u00eb shihni n\u00eb foto \u00ebsht\u00eb oficeri i ushtris\u00eb, Ermal Muzhaqi, i cili akuzohet se plagosi sot nj\u00eb 34-vje\u00e7ar pas sherrit ku u l\u00ebndua dhe v\u00ebllai i tij.<\/p>\n<p>Ngjarja ndodhi rreth or\u00ebs 12:20, n\u00eb Vor\u00eb. Ushtaraku, i cili ishte n\u00eb makin\u00eb me v\u00ebllain e tij t\u00eb vog\u00ebl, Klejdi Muzhaqi, nxori arm\u00ebn e sh\u00ebrbimit dhe hapi zjarr ndaj agresorit t\u00eb 24-vje\u00e7arit, duke e plagosur.<\/p>\n<p>Gjith\u00e7ka nisi kur Ergest Hoxha plagosi me thik\u00eb v\u00ebllain e ushtarakut, sherr q\u00eb degradoi m\u00eb pas me dy t\u00eb plagosur.<\/p>\n","protected":false},"excerpt":{"rendered":"<p>Personi q\u00eb shihni n\u00eb foto \u00ebsht\u00eb oficeri i ushtris\u00eb, Ermal Muzhaqi, i cili akuzohet se plagosi sot nj\u00eb 34-vje\u00e7ar pas sherrit ku u l\u00ebndua dhe v\u00ebllai i tij. Ngjarja ndodhi rreth or\u00ebs 12:20, n\u00eb Vor\u00eb. Ushtaraku, i cili ishte n\u00eb makin\u00eb me v\u00ebllain e tij t\u00eb vog\u00ebl, Klejdi Muzhaqi, nxori arm\u00ebn e sh\u00ebrbimit dhe hapi [&hellip;]<\/p>\n","protected":false},"author":5,"featured_media":68137,"comment_status":"closed","ping_status":"closed","sticky":false,"template":"","format":"standard","meta":{"footnotes":""},"categories":[1,6332],"tags":[27826,27827],"class_list":{"0":"post-68136","1":"post","2":"type-post","3":"status-publish","4":"format-standard","5":"has-post-thumbnail","7":"category-aktualitet","8":"category-te-fundit","9":"tag-foto-ja-kush-eshte-oficeri","10":"tag-qe-plagosi-me-arme-agresorin-e-te-vellait"},"_links":{"self":[{"href":"https:\/\/jugulajm.net\/index.php?rest_route=\/wp\/v2\/posts\/68136","targetHints":{"allow":["GET"]}}],"collection":[{"href":"https:\/\/jugulajm.net\/index.php?rest_route=\/wp\/v2\/posts"}],"about":[{"href":"https:\/\/jugulajm.net\/index.php?rest_route=\/wp\/v2\/types\/post"}],"author":[{"embeddable":true,"href":"https:\/\/jugulajm.net\/index.php?rest_route=\/wp\/v2\/users\/5"}],"replies":[{"embeddable":true,"href":"https:\/\/jugulajm.net\/index.php?rest_route=%2Fwp%2Fv2%2Fcomments&post=68136"}],"version-history":[{"count":0,"href":"https:\/\/jugulajm.net\/index.php?rest_route=\/wp\/v2\/posts\/68136\/revisions"}],"wp:featuredmedia":[{"embeddable":true,"href":"https:\/\/jugulajm.net\/index.php?rest_route=\/wp\/v2\/media\/68137"}],"wp:attachment":[{"href":"https:\/\/jugulajm.net\/index.php?rest_route=%2Fwp%2Fv2%2Fmedia&parent=68136"}],"wp:term":[{"taxonomy":"category","embeddable":true,"href":"https:\/\/jugulajm.net\/index.php?rest_route=%2Fwp%2Fv2%2Fcategories&post=68136"},{"taxonomy":"post_tag","embeddable":true,"href":"https:\/\/jugulajm.net\/index.php?rest_route=%2Fwp%2Fv2%2Ftags&post=68136"}],"curies":[{"name":"wp","href":"https:\/\/api.w.org\/{rel}","templated":true}]}}