{"id":68120,"date":"2023-11-23T12:19:40","date_gmt":"2023-11-23T11:19:40","guid":{"rendered":"https:\/\/jugulajm.net\/?p=68120"},"modified":"2023-11-23T12:19:40","modified_gmt":"2023-11-23T11:19:40","slug":"48-vjecari-godet-me-thike-bashkeshorten-ja-detajet","status":"publish","type":"post","link":"https:\/\/jugulajm.net\/?p=68120","title":{"rendered":"48-vje\u00e7ari godet me thik\u00eb bashk\u00ebshorten, ja detajet&#8230;"},"content":{"rendered":"<p>Nj\u00eb ngjarje e r\u00ebnd\u00eb ka ndodhur mbr\u00ebmjen e djeshme n\u00eb Mal\u00ebsin\u00eb e Madhe, ku nj\u00eb 48-vje\u00e7ar ka goditur me thik\u00eb bashk\u00ebshorten e tij, 38-vje\u00e7are.<\/p>\n<p>Dyshohet se ngjarja ka ndodhur p\u00ebr motive t\u00eb dob\u00ebta, pas nj\u00eb debati n\u00eb ambientet e banes\u00ebs s\u00eb tyre.<\/p>\n<p>Gruaja u transportua n\u00eb spital, ku merr kujdesin mjek\u00ebsor dhe ndodhet jasht\u00eb rrezikut p\u00ebr jet\u00ebn.<\/p>\n<p><strong>Njoftimi i policis\u00eb:<\/strong><\/p>\n<p>\u201cPas marrjes s\u00eb njoftimit, mbr\u00ebmjen e djeshme, se nj\u00eb shtetas kishte d\u00ebmtuar me mjet prer\u00ebs, bashk\u00ebshorten e tij, n\u00eb banes\u00ebn e tyre n\u00eb fshatin Grizh\u00eb, sh\u00ebrbimet e Komisariatit t\u00eb Policis\u00eb Mal\u00ebsi e Madhe kan\u00eb organizuar pun\u00ebn dhe kan\u00eb mb\u00ebrritur menj\u00ebher\u00eb n\u00eb vendngjarje, me q\u00ebllim arrestimin e k\u00ebtij shtetasi.<\/p>\n<p>Si rezultat, u kap n\u00eb flagranc\u00eb dhe u vu n\u00eb pranga shtetasi A. Z., 48 vje\u00e7, i cili dyshohet se p\u00ebr motive t\u00eb dob\u00ebta, ka d\u00ebmtuar me mjet prer\u00ebs (thik\u00eb), bashk\u00ebshorten e tij 38 vje\u00e7e, e cila \u00ebsht\u00eb jasht\u00eb rrezikut p\u00ebr jet\u00ebn.<\/p>\n<p>Materialet procedurale i kaluan Prokuroris\u00eb pran\u00eb Gjykat\u00ebs s\u00eb Shkall\u00ebs s\u00eb Par\u00eb t\u00eb Juridiksionit t\u00eb P\u00ebrgjithsh\u00ebm Shkod\u00ebr, p\u00ebr veprime t\u00eb m\u00ebtejshme\u201d.<\/p>\n","protected":false},"excerpt":{"rendered":"<p>Nj\u00eb ngjarje e r\u00ebnd\u00eb ka ndodhur mbr\u00ebmjen e djeshme n\u00eb Mal\u00ebsin\u00eb e Madhe, ku nj\u00eb 48-vje\u00e7ar ka goditur me thik\u00eb bashk\u00ebshorten e tij, 38-vje\u00e7are. Dyshohet se ngjarja ka ndodhur p\u00ebr motive t\u00eb dob\u00ebta, pas nj\u00eb debati n\u00eb ambientet e banes\u00ebs s\u00eb tyre. Gruaja u transportua n\u00eb spital, ku merr kujdesin mjek\u00ebsor dhe ndodhet jasht\u00eb rrezikut [&hellip;]<\/p>\n","protected":false},"author":5,"featured_media":51534,"comment_status":"closed","ping_status":"closed","sticky":false,"template":"","format":"standard","meta":{"footnotes":""},"categories":[1,6332],"tags":[27820,21500],"class_list":{"0":"post-68120","1":"post","2":"type-post","3":"status-publish","4":"format-standard","5":"has-post-thumbnail","7":"category-aktualitet","8":"category-te-fundit","9":"tag-48-vjecari-godet-me-thike-bashkeshorten","10":"tag-ja-detajet"},"_links":{"self":[{"href":"https:\/\/jugulajm.net\/index.php?rest_route=\/wp\/v2\/posts\/68120","targetHints":{"allow":["GET"]}}],"collection":[{"href":"https:\/\/jugulajm.net\/index.php?rest_route=\/wp\/v2\/posts"}],"about":[{"href":"https:\/\/jugulajm.net\/index.php?rest_route=\/wp\/v2\/types\/post"}],"author":[{"embeddable":true,"href":"https:\/\/jugulajm.net\/index.php?rest_route=\/wp\/v2\/users\/5"}],"replies":[{"embeddable":true,"href":"https:\/\/jugulajm.net\/index.php?rest_route=%2Fwp%2Fv2%2Fcomments&post=68120"}],"version-history":[{"count":0,"href":"https:\/\/jugulajm.net\/index.php?rest_route=\/wp\/v2\/posts\/68120\/revisions"}],"wp:featuredmedia":[{"embeddable":true,"href":"https:\/\/jugulajm.net\/index.php?rest_route=\/wp\/v2\/media\/51534"}],"wp:attachment":[{"href":"https:\/\/jugulajm.net\/index.php?rest_route=%2Fwp%2Fv2%2Fmedia&parent=68120"}],"wp:term":[{"taxonomy":"category","embeddable":true,"href":"https:\/\/jugulajm.net\/index.php?rest_route=%2Fwp%2Fv2%2Fcategories&post=68120"},{"taxonomy":"post_tag","embeddable":true,"href":"https:\/\/jugulajm.net\/index.php?rest_route=%2Fwp%2Fv2%2Ftags&post=68120"}],"curies":[{"name":"wp","href":"https:\/\/api.w.org\/{rel}","templated":true}]}}