{"id":68117,"date":"2023-11-23T11:39:24","date_gmt":"2023-11-23T10:39:24","guid":{"rendered":"https:\/\/jugulajm.net\/?p=68117"},"modified":"2023-11-23T12:12:32","modified_gmt":"2023-11-23T11:12:32","slug":"mjeku-kalo-qytetaret-te-mos-panikosen-covid-19-eshte-gripezuar","status":"publish","type":"post","link":"https:\/\/jugulajm.net\/?p=68117","title":{"rendered":"Mjeku Kalo: Qytetar\u00ebt t\u00eb mos panikosen, COVID-19 \u00ebsht\u00eb \u201cgrip\u00ebzuar\u201d"},"content":{"rendered":"<p>Teksa ndodhemi n\u00eb sezonin e virozave dhe dimri po troket, mjeku i njohur, Tritan Kalo, ka dh\u00ebn\u00eb disa k\u00ebshilla p\u00ebr qytetar\u00ebt.<\/p>\n<p>Kalo u k\u00ebrkon qytetar\u00ebve t\u00eb mos panikosen apo ndikohen nga mediat dhe personat q\u00eb p\u00ebrmendin COVID-19.<\/p>\n<p>Mjeku shkruan n\u00eb rrjetet sociale se pandemia e COVID-19 ka p\u00ebrfunduar prej rreth dy vitesh dhe ky virus tashm\u00eb ka agresivitetin e nj\u00eb gripi normal.<\/p>\n<p>\u201cDimri po troket plot viroza, katare stinore, e prekje kryesisht t\u00eb vijave t\u00eb sip\u00ebrme respiratore me kryefjal\u00eb gripin\u2026 Mos u panikoni dhe influenconi nga ata\/ato q\u00eb vijojn\u00eb \u201cterrorin informativ\u201d p\u00ebr Covid-19. K\u00ebshtu ndodh kur p\u00ebrpara p\u00ebrkushtimit, p\u00ebrkujdesjes e profesionalizmit v\u00eb konformizmin dhe p\u00ebrftimin\u2026 Pandemia ka rreth dy vite e cila doli \u201cn\u00eb pension\u201d, dhe vet\u00eb s\u00ebmundja \u00ebsht\u00eb \u201cgrip\u00ebzuar\u201d q\u00eb n\u00eb fillim vitin 2022\u2026 Jo vet\u00ebmjekim, por vet\u00ebm e vet\u00ebm vetnd\u00ebrgjegj\u00ebsim\u2026 Dim\u00ebr sa m\u00eb t\u00eb qet\u00eb miq, t\u00eb af\u00ebrm, dashamir\u00ebs, koleg\u00eb mirkuptues e mir\u00ebdash\u00ebs, si dhe t\u00eb gjith\u00eb bashk\u00ebkombasit e mi\u2026\u201d, thekson Tritan Kalo.<\/p>\n","protected":false},"excerpt":{"rendered":"<p>Teksa ndodhemi n\u00eb sezonin e virozave dhe dimri po troket, mjeku i njohur, Tritan Kalo, ka dh\u00ebn\u00eb disa k\u00ebshilla p\u00ebr qytetar\u00ebt. Kalo u k\u00ebrkon qytetar\u00ebve t\u00eb mos panikosen apo ndikohen nga mediat dhe personat q\u00eb p\u00ebrmendin COVID-19. Mjeku shkruan n\u00eb rrjetet sociale se pandemia e COVID-19 ka p\u00ebrfunduar prej rreth dy vitesh dhe ky virus [&hellip;]<\/p>\n","protected":false},"author":5,"featured_media":68119,"comment_status":"closed","ping_status":"closed","sticky":false,"template":"","format":"standard","meta":{"footnotes":""},"categories":[7652,6332],"tags":[27819,27818],"class_list":{"0":"post-68117","1":"post","2":"type-post","3":"status-publish","4":"format-standard","5":"has-post-thumbnail","7":"category-shendetesi","8":"category-te-fundit","9":"tag-covid-19-eshte-gripezuar","10":"tag-mjeku-kalo-qytetaret-te-mos-panikosen"},"_links":{"self":[{"href":"https:\/\/jugulajm.net\/index.php?rest_route=\/wp\/v2\/posts\/68117","targetHints":{"allow":["GET"]}}],"collection":[{"href":"https:\/\/jugulajm.net\/index.php?rest_route=\/wp\/v2\/posts"}],"about":[{"href":"https:\/\/jugulajm.net\/index.php?rest_route=\/wp\/v2\/types\/post"}],"author":[{"embeddable":true,"href":"https:\/\/jugulajm.net\/index.php?rest_route=\/wp\/v2\/users\/5"}],"replies":[{"embeddable":true,"href":"https:\/\/jugulajm.net\/index.php?rest_route=%2Fwp%2Fv2%2Fcomments&post=68117"}],"version-history":[{"count":0,"href":"https:\/\/jugulajm.net\/index.php?rest_route=\/wp\/v2\/posts\/68117\/revisions"}],"wp:featuredmedia":[{"embeddable":true,"href":"https:\/\/jugulajm.net\/index.php?rest_route=\/wp\/v2\/media\/68119"}],"wp:attachment":[{"href":"https:\/\/jugulajm.net\/index.php?rest_route=%2Fwp%2Fv2%2Fmedia&parent=68117"}],"wp:term":[{"taxonomy":"category","embeddable":true,"href":"https:\/\/jugulajm.net\/index.php?rest_route=%2Fwp%2Fv2%2Fcategories&post=68117"},{"taxonomy":"post_tag","embeddable":true,"href":"https:\/\/jugulajm.net\/index.php?rest_route=%2Fwp%2Fv2%2Ftags&post=68117"}],"curies":[{"name":"wp","href":"https:\/\/api.w.org\/{rel}","templated":true}]}}