{"id":68081,"date":"2023-11-22T16:28:31","date_gmt":"2023-11-22T15:28:31","guid":{"rendered":"https:\/\/jugulajm.net\/?p=68081"},"modified":"2023-11-22T16:28:31","modified_gmt":"2023-11-22T15:28:31","slug":"arrestohet-17-vjecari-u-kap-ne-aksin-sarande-gjirokaster-me-makinen-qe-kishte-vjedhur","status":"publish","type":"post","link":"https:\/\/jugulajm.net\/?p=68081","title":{"rendered":"Arrestohet 17-vje\u00e7ari, u kap n\u00eb aksin Sarand\u00eb-Gjirokast\u00ebr me makin\u00ebn q\u00eb kishte vjedhur"},"content":{"rendered":"<p>Nj\u00eb 17-vje\u00e7ar ka r\u00ebn\u00eb n\u00eb prangat e policis\u00eb pasditen e sotme, pasi akuzohet se \u00ebsht\u00eb autor i disa vjedhjeve.<\/p>\n<p>Sipas policis\u00eb, adoleshenti me iniciale E.B., u kap n\u00eb flagranc\u00eb n\u00eb rrug\u00ebn mes Sarand\u00ebs dhe Gjirokastr\u00ebs duke drejtuar pa paten\u00eb, nj\u00eb automjet t\u00eb cilin n\u00eb fakt e vjedhur. Pas verifikimeve, u zbulua se 17-vje\u00e7ari ishte shpallur n\u00eb k\u00ebrkim nga policia e Elbasanit, pasi kishte kryer vjedhje n\u00eb nj\u00eb banes\u00eb, m\u00eb 15 n\u00ebntor.<\/p>\n<p><strong>Njoftimi i policis\u00eb:<\/strong><\/p>\n<p>Sarand\u00eb\/Vijon operacioni policor i koduar \u201cSundimi i ligjit\u201d.<\/p>\n<p>Fal\u00eb bashk\u00ebpunimit mes Policis\u00eb s\u00eb Sarand\u00ebs dhe Gjirokastr\u00ebs kapet 1 shtetas i shpallur n\u00eb k\u00ebrkim p\u00ebr vjedhje, me precedent t\u00eb theksuar p\u00ebr k\u00ebt\u00eb vep\u00ebr penale.<\/p>\n<p>Vodhi nj\u00eb automjet n\u00eb Konispol, si rezultat i veprimeve t\u00eb shpejta t\u00eb sh\u00ebrbimeve t\u00eb Policis\u00eb, 17-vje\u00e7ari i shpallur n\u00eb k\u00ebrkim u kap n\u00eb flagranc\u00eb n\u00eb Gjirokast\u00ebr duke drejtuar pa leje drejtimi, automjetin e vjedhur.<\/p>\n<p>Sekuestrohet automjeti i vjedhur.<\/p>\n<p>Pas marrjes s\u00eb njoftimit se n\u00eb fshatin Mulsi, Konispol, ishte vjedhur nj\u00eb automjet, sh\u00ebrbimet e Komisariatit t\u00eb Policis\u00eb Sarand\u00eb kan\u00eb organizuar menj\u00ebher\u00eb pun\u00ebn p\u00ebr lokalizimin dhe kapjen e autorit t\u00eb vjedhjes. Bazuar n\u00eb informacionet e siguruara nga inteligjenca policore, se autori ishte larguar me automjetin e vjedhur n\u00eb drejtim t\u00eb Gjirokastr\u00ebs, kan\u00eb shk\u00ebmbyer informacionet me sh\u00ebrbimet e Komisariatit t\u00eb Policis\u00eb Gjirokast\u00ebr.<\/p>\n<p>Si rezultat i bashk\u00ebpunimit mes sh\u00ebrbimeve t\u00eb Policis\u00eb t\u00eb dy komisariateve, \u00ebsht\u00eb kapur n\u00eb flagranc\u00eb n\u00eb Gjirokast\u00ebr, duke drejtuar pa leje drejtimi, automjetin q\u00eb kishte vjedhur n\u00eb fshatin Mulsi, shtetasi E. B., 17 vje\u00e7, banues n\u00eb Librazhd, me precedent t\u00eb m\u00ebparsh\u00ebm kriminal n\u00eb fush\u00ebn e vjedhjeve.<\/p>\n<p>Nga verifikimet e kryera ka rezultuar se ky shtetas ishte shpallur n\u00eb k\u00ebrkim nga Policia e Elbasanit, si bashk\u00ebpun\u00ebtor n\u00eb nj\u00eb vjedhje t\u00eb kryer n\u00eb nj\u00eb banes\u00eb n\u00eb Elbasan, m\u00eb dat\u00eb 15.11.2023.<\/p>\n<p>Vijon puna p\u00ebr zbardhjen e vjedhjeve t\u00eb tjera q\u00eb mund t\u00eb jen\u00eb kryer nga ky shtetas.<\/p>\n<p>Materialet procedurale i kaluan Prokuroris\u00eb, p\u00ebr veprime t\u00eb m\u00ebtejshme, p\u00ebr veprat penale \u201cVjedhja\u201d dhe \u201cDrejtimi i automjetit n\u00eb m\u00ebnyr\u00eb t\u00eb parregullt\u201d.<\/p>\n","protected":false},"excerpt":{"rendered":"<p>Nj\u00eb 17-vje\u00e7ar ka r\u00ebn\u00eb n\u00eb prangat e policis\u00eb pasditen e sotme, pasi akuzohet se \u00ebsht\u00eb autor i disa vjedhjeve. Sipas policis\u00eb, adoleshenti me iniciale E.B., u kap n\u00eb flagranc\u00eb n\u00eb rrug\u00ebn mes Sarand\u00ebs dhe Gjirokastr\u00ebs duke drejtuar pa paten\u00eb, nj\u00eb automjet t\u00eb cilin n\u00eb fakt e vjedhur. Pas verifikimeve, u zbulua se 17-vje\u00e7ari ishte shpallur [&hellip;]<\/p>\n","protected":false},"author":5,"featured_media":52095,"comment_status":"closed","ping_status":"closed","sticky":false,"template":"","format":"standard","meta":{"footnotes":""},"categories":[1,6332],"tags":[26902,27808],"class_list":{"0":"post-68081","1":"post","2":"type-post","3":"status-publish","4":"format-standard","5":"has-post-thumbnail","7":"category-aktualitet","8":"category-te-fundit","9":"tag-arrestohet-17-vjecari","10":"tag-u-kap-ne-aksin-sarande-gjirokaster-me-makinen-qe-kishte-vjedhur"},"_links":{"self":[{"href":"https:\/\/jugulajm.net\/index.php?rest_route=\/wp\/v2\/posts\/68081","targetHints":{"allow":["GET"]}}],"collection":[{"href":"https:\/\/jugulajm.net\/index.php?rest_route=\/wp\/v2\/posts"}],"about":[{"href":"https:\/\/jugulajm.net\/index.php?rest_route=\/wp\/v2\/types\/post"}],"author":[{"embeddable":true,"href":"https:\/\/jugulajm.net\/index.php?rest_route=\/wp\/v2\/users\/5"}],"replies":[{"embeddable":true,"href":"https:\/\/jugulajm.net\/index.php?rest_route=%2Fwp%2Fv2%2Fcomments&post=68081"}],"version-history":[{"count":0,"href":"https:\/\/jugulajm.net\/index.php?rest_route=\/wp\/v2\/posts\/68081\/revisions"}],"wp:featuredmedia":[{"embeddable":true,"href":"https:\/\/jugulajm.net\/index.php?rest_route=\/wp\/v2\/media\/52095"}],"wp:attachment":[{"href":"https:\/\/jugulajm.net\/index.php?rest_route=%2Fwp%2Fv2%2Fmedia&parent=68081"}],"wp:term":[{"taxonomy":"category","embeddable":true,"href":"https:\/\/jugulajm.net\/index.php?rest_route=%2Fwp%2Fv2%2Fcategories&post=68081"},{"taxonomy":"post_tag","embeddable":true,"href":"https:\/\/jugulajm.net\/index.php?rest_route=%2Fwp%2Fv2%2Ftags&post=68081"}],"curies":[{"name":"wp","href":"https:\/\/api.w.org\/{rel}","templated":true}]}}