{"id":68042,"date":"2023-11-21T20:21:31","date_gmt":"2023-11-21T19:21:31","guid":{"rendered":"https:\/\/jugulajm.net\/?p=68042"},"modified":"2023-11-21T20:21:31","modified_gmt":"2023-11-21T19:21:31","slug":"marreveshja-meloni-rama-opozita-italiane-kunder-shqiperia-seshte-ruanda","status":"publish","type":"post","link":"https:\/\/jugulajm.net\/?p=68042","title":{"rendered":"Marr\u00ebveshja Meloni-Rama, opozita italiane kund\u00ebr: Shqip\u00ebria, s\u2019\u00ebsht\u00eb Ruanda"},"content":{"rendered":"<div class=\"firstP\">\n<p>Dy jav\u00eb pasi u firmos, marr\u00ebveshja mes Italis\u00eb dhe Shqip\u00ebris\u00eb p\u00ebr menaxhimin e fluksit t\u00eb emigrant\u00ebve ka mb\u00ebrritur n\u00eb dhom\u00ebn e deputet\u00ebve n\u00eb parlamentin italian ku debatet kan\u00eb qen\u00eb t\u00eb forta.<\/p>\n<\/div>\n<p>Ministri i Jasht\u00ebm Italian, Antonio Tajani u p\u00ebrball me akuza t\u00eb shumta, teksa iu referoi parlamentar\u00ebve Paktin e n\u00ebnshkruar mes qeveris\u00eb italiane e qeveris\u00eb shqiptare mbi ngritjen e 2 qendrave t\u00eb strehimit t\u00eb emigrant\u00ebve.<\/p>\n<p><em>\u201cKy Protokoll nuk \u00ebsht\u00eb i krahasuesh\u00ebm me marr\u00ebveshjen midis Mbret\u00ebris\u00eb s\u00eb Bashkuar dhe Ruand\u00ebs. Nuk ka kontrat\u00eb t\u00eb jashtme t\u00eb menaxhimit t\u00eb k\u00ebrkesave p\u00ebr azil n\u00eb nj\u00eb vend t\u00eb tret\u00eb. Dhe nuk ka asnj\u00eb shmangie nga t\u00eb drejtat e garantuara nd\u00ebrkombtarisht, t\u00eb cilat v\u00ebrtet jan\u00eb riafirmuar shprehimisht disa her\u00eb n\u00eb Protokoll\u201d,<\/em> tha Tajani.<\/p>\n<p>Ministri italian sqaroi kostot fillestare t\u00eb shtetit italian q\u00eb p\u00ebrfshijn\u00eb rinovimi i nd\u00ebrtesave ekzistuese n\u00eb port, nd\u00ebrtimin e qendr\u00ebs s\u00eb paraburgimit, menaxhimin e dy zonave q\u00eb i jan\u00eb dh\u00ebn\u00eb Italis\u00eb, pagat dhe kompensimin p\u00ebr personelin italian, rimbursimit nga pala italiane, p\u00ebr mbik\u00ebqyrjen e Policis\u00eb shqiptare jasht\u00eb strukturave, \u00e7do pranim n\u00eb spital t\u00eb emigrant\u00ebve, \u00e7do d\u00ebmshp\u00ebrblim nga mosmarr\u00ebveshjet e brendshme dhe nd\u00ebrkomb\u00ebtare dhe pritja e emigrant\u00ebve q\u00eb k\u00ebrkojn\u00eb azil n\u00eb Shqip\u00ebri\u201d. Ai tha se Italia do t\u00eb duhet t\u00eb rimbursoj\u00eb shtetin shqiptar si fillim me 16.5 milion\u00eb euro p\u00ebr t\u00eb gjitha k\u00ebto kosto.<\/p>\n<p>Me k\u00ebt\u00eb marr\u00ebveshje Italia po b\u00ebhet gati t\u00eb paguaj\u00eb fushat\u00ebn e radh\u00ebs s\u00eb kryeminsitrit shqiptar Edi Rama, tha deputeti i Partis\u00eb Demokratike, Matteo Mauri.<\/p>\n<p><em>\u201cPo flasim p\u00ebr qindra miliona euro t\u00eb italian\u00ebve. Ne duam t\u00eb dim\u00eb sa polic\u00eb, sa ushtar\u00eb do dislokohen atje? Mua m\u00eb rezultojn\u00eb mij\u00ebra. Po k\u00ebta gra e f\u00ebmij\u00eb si do rrin\u00eb, \u00e7far\u00eb doni t\u00eb b\u00ebni ju t\u00eb ndani familjet e refugjat\u00ebve?\u201d,<\/em>\u00a0tha Mauri.<\/p>\n<p>Mes ironis\u00eb edhe deputeti Riccardo Ricciardi nga \u201cL\u00ebvizja 5 Yjet\u201d, tha se fatura e turist\u00ebve italian\u00eb t\u00eb paguar nga Meloni n\u00eb Shqip\u00ebri do kushtoj\u00eb 16,5 milion\u00eb euro, shto 100 milion\u00eb euro fond garancie.<\/p>\n<p><em>\u201cVini k\u00ebtu dhe na thoni q\u00eb po zgjidhni problemin e emigrant\u00ebve.\u00a0 T\u00eb paguajm\u00eb ne policin\u00eb shqiptare p\u00ebr ruajtje? Pse? Aq sa kushtojn\u00eb 2 qendra atje do ishin ngritur 10 t\u00eb tilla n\u00eb Itali, ju nuk po zgjidhni asgj\u00eb. K\u00ebtu fiton vet\u00ebm kryeminsitri shqiptar Edi Rama i cili ka nevoj\u00eb p\u00ebr sponsor si Italia q\u00eb t\u00eb p\u00ebrparoj\u00eb n\u00eb rrug\u00ebn e nisur drejt Bashkimit\u201d,<\/em>\u00a0u shpreh Riccardi.<\/p>\n<p>Ndryshe mendonte deputetja e Forca Italia, Patrizia Marrocco. Sipas saj t\u00eb tilla marr\u00ebveshje po diskuton edhe Gjermania e Austria, pasi n\u00eb thelb synojn\u00eb uljen e fluksit t\u00eb emigrant\u00ebve.<\/p>\n<p><em>\u201cProblemi i emigrant\u00ebve \u00ebsht\u00eb i bashkimit europian jo i Italis\u00eb, N\u00ebse nuk p\u00ebrballemi me t\u00eb e kemi humbur k\u00ebt\u00eb betej\u00eb. Edhe qeveria gjermane do t\u00eb kaloj\u00eb n\u00ebp\u00ebr t\u00eb nj\u00ebjt\u00ebn rrug\u00eb, do zgjedh\u00eb vende t\u00eb tjera tranzit p\u00ebr emigrant\u00ebt, Austria po ashtu. Rritja e marr\u00ebdh\u00ebnieve dhe menaxhimi i p\u00ebrbashk\u00ebt me Shqip\u00ebrin\u00eb synon t\u00eb parandaloj\u00eb flukset migratore\u201d,\u00a0<\/em>tha Marroco.<\/p>\n<p>Ministri i jasht\u00ebm Antonio Tajani tha se qeveria synon t\u00eb paraqes\u00eb n\u00eb koh\u00ebn e duhur nj\u00eb projekt-ligj ratifikimi, i cili gjithashtu p\u00ebrmban rregullat dhe ndarjet e nevojshme p\u00ebr zbatimin e protokollit\u201d. Firmat e dy qeverive mbi k\u00ebt\u00eb pakt mund t\u00eb b\u00ebhen t\u00eb pavlefshme n\u00ebse ajo nuk kalon p\u00ebrmes ratifikimit n\u00eb parlament.<\/p>\n","protected":false},"excerpt":{"rendered":"<p>Dy jav\u00eb pasi u firmos, marr\u00ebveshja mes Italis\u00eb dhe Shqip\u00ebris\u00eb p\u00ebr menaxhimin e fluksit t\u00eb emigrant\u00ebve ka mb\u00ebrritur n\u00eb dhom\u00ebn e deputet\u00ebve n\u00eb parlamentin italian ku debatet kan\u00eb qen\u00eb t\u00eb forta. Ministri i Jasht\u00ebm Italian, Antonio Tajani u p\u00ebrball me akuza t\u00eb shumta, teksa iu referoi parlamentar\u00ebve Paktin e n\u00ebnshkruar mes qeveris\u00eb italiane e qeveris\u00eb [&hellip;]<\/p>\n","protected":false},"author":5,"featured_media":67393,"comment_status":"closed","ping_status":"closed","sticky":false,"template":"","format":"standard","meta":{"footnotes":""},"categories":[1,6332],"tags":[27505,27790,27791],"class_list":{"0":"post-68042","1":"post","2":"type-post","3":"status-publish","4":"format-standard","5":"has-post-thumbnail","7":"category-aktualitet","8":"category-te-fundit","9":"tag-marreveshja-meloni-rama","10":"tag-opozita-italiane-kunder-shqiperia","11":"tag-seshte-ruanda"},"_links":{"self":[{"href":"https:\/\/jugulajm.net\/index.php?rest_route=\/wp\/v2\/posts\/68042","targetHints":{"allow":["GET"]}}],"collection":[{"href":"https:\/\/jugulajm.net\/index.php?rest_route=\/wp\/v2\/posts"}],"about":[{"href":"https:\/\/jugulajm.net\/index.php?rest_route=\/wp\/v2\/types\/post"}],"author":[{"embeddable":true,"href":"https:\/\/jugulajm.net\/index.php?rest_route=\/wp\/v2\/users\/5"}],"replies":[{"embeddable":true,"href":"https:\/\/jugulajm.net\/index.php?rest_route=%2Fwp%2Fv2%2Fcomments&post=68042"}],"version-history":[{"count":0,"href":"https:\/\/jugulajm.net\/index.php?rest_route=\/wp\/v2\/posts\/68042\/revisions"}],"wp:featuredmedia":[{"embeddable":true,"href":"https:\/\/jugulajm.net\/index.php?rest_route=\/wp\/v2\/media\/67393"}],"wp:attachment":[{"href":"https:\/\/jugulajm.net\/index.php?rest_route=%2Fwp%2Fv2%2Fmedia&parent=68042"}],"wp:term":[{"taxonomy":"category","embeddable":true,"href":"https:\/\/jugulajm.net\/index.php?rest_route=%2Fwp%2Fv2%2Fcategories&post=68042"},{"taxonomy":"post_tag","embeddable":true,"href":"https:\/\/jugulajm.net\/index.php?rest_route=%2Fwp%2Fv2%2Ftags&post=68042"}],"curies":[{"name":"wp","href":"https:\/\/api.w.org\/{rel}","templated":true}]}}