{"id":68035,"date":"2023-11-21T17:32:12","date_gmt":"2023-11-21T16:32:12","guid":{"rendered":"https:\/\/jugulajm.net\/?p=68035"},"modified":"2023-11-21T17:32:12","modified_gmt":"2023-11-21T16:32:12","slug":"vizitoi-belerin-ne-burg-flet-ministri-grek","status":"publish","type":"post","link":"https:\/\/jugulajm.net\/?p=68035","title":{"rendered":"Vizitoi Belerin n\u00eb burg, flet ministri grek&#8230;"},"content":{"rendered":"<p>Ministri i Shtetit t\u00eb Greqis\u00eb, Stavros Papastavrou, ka dal\u00eb nga burgu i Durr\u00ebsi, ku shkoi p\u00ebr t\u00eb vizituar kryebahskiakun e zgjehdur t\u00eb Himar\u00ebs, Fredi Belerin.<\/p>\n<p>N\u00eb nj\u00eb prenoncim p\u00ebr mediat, ai ka deklaruar se Bashkia e Himar\u00ebs \u00ebsht\u00eb e vetmja bashki ne Evrop\u00eb, q\u00eb nuk ka kryetar, nd\u00ebrsa theksoi k\u00ebrkes\u00ebn p\u00ebr t\u00eb liruar Belerin nga qelia.<\/p>\n<p>\u201cErdha e vizitova kryebashkiakun e Himar\u00ebs q\u00eb mbahet n\u00eb burg k\u00ebtu e 7 muaj. Fatkeq\u00ebsisht n\u00eb Himar\u00eb, vendimi i sovranit p\u00ebr vot\u00ebn nuk po zbatohet akoma. Himara \u00ebsht\u00eb e vetmja bashki n\u00eb Europ\u00eb ku kryetari i humbur vazhdon t\u00eb drejtoj\u00eb bashkin\u00eb dhe kryetarit t\u00eb zgjedhur po i mohohet e drejta p\u00ebr t\u2019u zgjedhur. Ne i gjendemi pran\u00eb Fredi Belerit p\u00ebr nj\u00eb gjyq t\u00eb drejt\u00eb dhe duam q\u00eb prezumimi i pafaj\u00ebsis\u00eb s\u00eb tij t\u00eb respektohet nga drejt\u00ebsia shqiptare. Duhet gjetur nj\u00eb zgjidhje n\u00eb kuadrin e s\u00eb drejt\u00ebs europiane dhe shtetit t\u00eb s\u00eb drejt\u00ebs dhe \u00ebndrr\u00ebs europiane q\u00eb t\u00eb kthehet normaliteti n\u00eb bashkin\u00eb e Himar\u00ebs.\u201d\u2013 tha Papastavrou.<\/p>\n<p>Prej koh\u00ebsh, Fredi Beleri ka k\u00ebrkuar nga Gjykata leje p\u00ebr t\u00eb b\u00ebr\u00eb betimin si kryebashkiak i Himar\u00ebs, i cili fitoi nga burgu votimet e 14 majit nd\u00ebrsa u arrestua dy dit\u00eb para zgjedhjeve.<\/p>\n","protected":false},"excerpt":{"rendered":"<p>Ministri i Shtetit t\u00eb Greqis\u00eb, Stavros Papastavrou, ka dal\u00eb nga burgu i Durr\u00ebsi, ku shkoi p\u00ebr t\u00eb vizituar kryebahskiakun e zgjehdur t\u00eb Himar\u00ebs, Fredi Belerin. N\u00eb nj\u00eb prenoncim p\u00ebr mediat, ai ka deklaruar se Bashkia e Himar\u00ebs \u00ebsht\u00eb e vetmja bashki ne Evrop\u00eb, q\u00eb nuk ka kryetar, nd\u00ebrsa theksoi k\u00ebrkes\u00ebn p\u00ebr t\u00eb liruar Belerin nga [&hellip;]<\/p>\n","protected":false},"author":5,"featured_media":68036,"comment_status":"closed","ping_status":"closed","sticky":false,"template":"","format":"standard","meta":{"footnotes":""},"categories":[1,6332],"tags":[27786,27785],"class_list":{"0":"post-68035","1":"post","2":"type-post","3":"status-publish","4":"format-standard","5":"has-post-thumbnail","7":"category-aktualitet","8":"category-te-fundit","9":"tag-flet-ministri-grek","10":"tag-vizitoi-belerin-ne-burg"},"_links":{"self":[{"href":"https:\/\/jugulajm.net\/index.php?rest_route=\/wp\/v2\/posts\/68035","targetHints":{"allow":["GET"]}}],"collection":[{"href":"https:\/\/jugulajm.net\/index.php?rest_route=\/wp\/v2\/posts"}],"about":[{"href":"https:\/\/jugulajm.net\/index.php?rest_route=\/wp\/v2\/types\/post"}],"author":[{"embeddable":true,"href":"https:\/\/jugulajm.net\/index.php?rest_route=\/wp\/v2\/users\/5"}],"replies":[{"embeddable":true,"href":"https:\/\/jugulajm.net\/index.php?rest_route=%2Fwp%2Fv2%2Fcomments&post=68035"}],"version-history":[{"count":0,"href":"https:\/\/jugulajm.net\/index.php?rest_route=\/wp\/v2\/posts\/68035\/revisions"}],"wp:featuredmedia":[{"embeddable":true,"href":"https:\/\/jugulajm.net\/index.php?rest_route=\/wp\/v2\/media\/68036"}],"wp:attachment":[{"href":"https:\/\/jugulajm.net\/index.php?rest_route=%2Fwp%2Fv2%2Fmedia&parent=68035"}],"wp:term":[{"taxonomy":"category","embeddable":true,"href":"https:\/\/jugulajm.net\/index.php?rest_route=%2Fwp%2Fv2%2Fcategories&post=68035"},{"taxonomy":"post_tag","embeddable":true,"href":"https:\/\/jugulajm.net\/index.php?rest_route=%2Fwp%2Fv2%2Ftags&post=68035"}],"curies":[{"name":"wp","href":"https:\/\/api.w.org\/{rel}","templated":true}]}}